{"id":4138,"date":"2019-06-12T03:23:09","date_gmt":"2019-06-12T03:23:09","guid":{"rendered":"http:\/\/arroyitoonline.com.ar\/?p=4138"},"modified":"2019-06-12T03:23:42","modified_gmt":"2019-06-12T03:23:42","slug":"el-hospital-reedita-el-dia-de-las-vacunas-en-familia","status":"publish","type":"post","link":"https:\/\/arroyitoonline.com.ar\/?p=4138","title":{"rendered":"El Hospital reedita el D\u00eda de las Vacunas en Familia"},"content":{"rendered":"\n<p><strong>En 2018, durante la primera edici\u00f3n de este evento, se hab\u00edan colocado m\u00e1s de 2.000 dosis.<\/strong><\/p>\n\n\n\n<p>Este domingo 23 de junio desde las 14:00 y hasta las 19:00 horas, en la Plaza 25 de mayo, el Hospital Municipal Carlos J. Rodr\u00edguez reeditar\u00e1 el D\u00eda de las vacunas en familia; para que la poblaci\u00f3n de Arroyito est\u00e9 protegida. <\/p>\n\n\n\n<p>Se trata de un evento para el cuidado de la salud donde se disfrutar\u00e1 de la m\u00fasica, la danza y el arte en todas sus expresiones.<\/p>\n\n\n\n<p>Un espacio colectivo donde participar\u00e1n Centros Vecinales, clubes, Talleres Culturales, Escuela Municipal de Danzas, Banda Sinf\u00f3nica, academias privadas de la ciudad, grupos de m\u00fasica y artesanos.<\/p>\n\n\n\n<p>Los vecinos deber\u00e1n acercarse con el carnet de vacunaci\u00f3n para la verificaci\u00f3n del calendario de inmunizaciones.<\/p>\n\n\n\n<p>De la actividad participar\u00e1 el personal de Salud del Hospital, vacunando, informando y controlando la tensi\u00f3n arterial y la glucemia de quienes se acerquen, en colaboraci\u00f3n de la Casa de la Cultura para las distintas actividades.<\/p>\n\n\n\n<figure class=\"wp-block-image\"><img loading=\"lazy\" decoding=\"async\" width=\"1024\" height=\"682\" src=\"http:\/\/arroyitoonline.com.ar\/wp-content\/uploads\/2019\/06\/d\u00eda-de-las-vacunas-1024x682.jpg\" alt=\"\" class=\"wp-image-4141\" srcset=\"https:\/\/arroyitoonline.com.ar\/wp-content\/uploads\/2019\/06\/d\u00eda-de-las-vacunas-1024x682.jpg 1024w, https:\/\/arroyitoonline.com.ar\/wp-content\/uploads\/2019\/06\/d\u00eda-de-las-vacunas-300x200.jpg 300w, https:\/\/arroyitoonline.com.ar\/wp-content\/uploads\/2019\/06\/d\u00eda-de-las-vacunas-768x512.jpg 768w, https:\/\/arroyitoonline.com.ar\/wp-content\/uploads\/2019\/06\/d\u00eda-de-las-vacunas.jpg 1280w\" sizes=\"auto, (max-width: 1024px) 100vw, 1024px\" \/><\/figure>\n\n\n\n<p><strong>LA VACUNACI\u00d3N\u00a0<\/strong>\u201ces una herramienta social\u201d que tiene un doble beneficio: protege a las personas de manera directa y a su comunidad de modo indirecto.<\/p>\n\n\n\n<p><em>\u201cMuchos logros de la vacunaci\u00f3n han sido gracias a la administraci\u00f3n a personas que pueden recibirla para proteger a aquellos que por edad o por la particularidad de sus sistemas inmunol\u00f3gicos no pueden recibir la protecci\u00f3n\u201d<\/em>, indicaron desde el Municipio.<\/p>\n\n\n\n<p>Nuestro sistema de salud cuenta con la ventaja de ser gratuito para toda la poblaci\u00f3n, lo que permite la prevenci\u00f3n solidaria a trav\u00e9s de la inmunidad colectiva.<\/p>\n\n\n\n<p>Producto del \u00e9xito de la vacunaci\u00f3n, algunas enfermedades ya no se ven, lo que puede facilitar \u201cla falta de noci\u00f3n de riesgo\u201d, que puede producir que la gente empiece a perderle el respeto a las enfermedades y cuestione la necesidad de vacunarse.<\/p>\n\n\n\n<p>La erradicaci\u00f3n de enfermedades es uno de los grandes fundamentos para continuar implementando el calendario de vacunaci\u00f3n vigente.<\/p>\n\n\n\n<p>No existen casos aut\u00f3ctonos de sarampi\u00f3n desde el a\u00f1o 2000 en Argentina, mientras que el \u00faltimo fallecido por esta causa se registr\u00f3 en el a\u00f1o 1998, en comparaci\u00f3n con la cifra de 400.000 muertos por a\u00f1o a ra\u00edz del sarampi\u00f3n en el resto del mundo.<\/p>\n\n\n\n<p>\u201cEl \u00faltimo caso de Poliomielitis en Argentina fue en el a\u00f1o 1984. La tos convulsa es una enfermedad altamente mortal en ni\u00f1os peque\u00f1os. Desde que se incorpor\u00f3 la vacuna en embarazadas en el a\u00f1o 2012 en Argentina, se redujeron en un 82% las muertes por tos convulsa\u201d.<\/p>\n\n\n\n<p>Es un objetivo la colaboraci\u00f3n para que las personas puedan vacunarse, entendido esto como un derecho y no solo una obligaci\u00f3n, en pos de\u00a0la protecci\u00f3n de la salud individual de la comunidad.<\/p>\n\n\n\n<p>Fuente: Prensa Municipal.<\/p>\n\n\n\n<p>Foto de archivo 2018.<\/p>\n","protected":false},"excerpt":{"rendered":"<p>En 2018, durante la primera edici\u00f3n de este evento, se hab\u00edan colocado m\u00e1s de 2.000 dosis. Este domingo 23 de&hellip;<\/p>\n","protected":false},"author":3,"featured_media":4139,"comment_status":"closed","ping_status":"open","sticky":false,"template":"","format":"standard","meta":{"footnotes":""},"categories":[9],"tags":[66,67,836,426,555,556,572,706,790],"class_list":["post-4138","post","type-post","status-publish","format-standard","has-post-thumbnail","hentry","category-infosalud","tag-arroyito","tag-arroyito-cordoba","tag-arroyito-online","tag-hospital","tag-municipalidad","tag-municipalidad-de-arroyito","tag-noticias-de-arroyito-y-zona","tag-salud","tag-vacunacion"],"_links":{"self":[{"href":"https:\/\/arroyitoonline.com.ar\/index.php?rest_route=\/wp\/v2\/posts\/4138","targetHints":{"allow":["GET"]}}],"collection":[{"href":"https:\/\/arroyitoonline.com.ar\/index.php?rest_route=\/wp\/v2\/posts"}],"about":[{"href":"https:\/\/arroyitoonline.com.ar\/index.php?rest_route=\/wp\/v2\/types\/post"}],"author":[{"embeddable":true,"href":"https:\/\/arroyitoonline.com.ar\/index.php?rest_route=\/wp\/v2\/users\/3"}],"replies":[{"embeddable":true,"href":"https:\/\/arroyitoonline.com.ar\/index.php?rest_route=%2Fwp%2Fv2%2Fcomments&post=4138"}],"version-history":[{"count":3,"href":"https:\/\/arroyitoonline.com.ar\/index.php?rest_route=\/wp\/v2\/posts\/4138\/revisions"}],"predecessor-version":[{"id":4382,"href":"https:\/\/arroyitoonline.com.ar\/index.php?rest_route=\/wp\/v2\/posts\/4138\/revisions\/4382"}],"wp:featuredmedia":[{"embeddable":true,"href":"https:\/\/arroyitoonline.com.ar\/index.php?rest_route=\/wp\/v2\/media\/4139"}],"wp:attachment":[{"href":"https:\/\/arroyitoonline.com.ar\/index.php?rest_route=%2Fwp%2Fv2%2Fmedia&parent=4138"}],"wp:term":[{"taxonomy":"category","embeddable":true,"href":"https:\/\/arroyitoonline.com.ar\/index.php?rest_route=%2Fwp%2Fv2%2Fcategories&post=4138"},{"taxonomy":"post_tag","embeddable":true,"href":"https:\/\/arroyitoonline.com.ar\/index.php?rest_route=%2Fwp%2Fv2%2Ftags&post=4138"}],"curies":[{"name":"wp","href":"https:\/\/api.w.org\/{rel}","templated":true}]}}