{"id":4181,"date":"2019-06-14T21:17:33","date_gmt":"2019-06-14T21:17:33","guid":{"rendered":"http:\/\/arroyitoonline.com.ar\/?p=4181"},"modified":"2019-06-14T21:19:07","modified_gmt":"2019-06-14T21:19:07","slug":"el-nadador-de-arroyito-benjamin-ghione-es-campeon-nacional","status":"publish","type":"post","link":"https:\/\/arroyitoonline.com.ar\/?p=4181","title":{"rendered":"El nadador de Arroyito Benjam\u00edn Ghione es campe\u00f3n nacional"},"content":{"rendered":"\n<p><strong>El deportista local se consagr\u00f3 en la categor\u00eda 200 metros espalda, por\u00a0tercera\u00a0vez\u00a0consecutiva.\u00a0En\u00a0esta\u00a0ocasi\u00f3n,\u00a0en\u00a0Santiago\u00a0del\u00a0Estero.<\/strong><\/p>\n\n\n\n<p>El joven nadador local Benjam\u00edn Ghione, representante del Club Deportivo y Cultural Arroyito, est\u00e1 participando, desde el mi\u00e9rcoles 12 y hasta el s\u00e1bado 15, del Campeonato Nacional OPEN de Juveniles y Juniors en el Natatorio Ol\u00edmpico Madre de Ciudades de Santiago del Estero.<\/p>\n\n\n\n<p>En ese marco, ayer logr\u00f3, por tercera vez consecutiva, consagrarse campe\u00f3n nacional de la categor\u00eda 200 metros espalda. Adem\u00e1s, el deportista de Arroyito obtuvo una importante diferencia, con gran marca personal. <\/p>\n\n\n\n<figure class=\"wp-block-image\"><img loading=\"lazy\" decoding=\"async\" width=\"575\" height=\"842\" src=\"http:\/\/arroyitoonline.com.ar\/wp-content\/uploads\/2019\/06\/NATACION-MARCAS-576x1024_Fotor_20190614.jpg\" alt=\"\" class=\"wp-image-4183\" srcset=\"https:\/\/arroyitoonline.com.ar\/wp-content\/uploads\/2019\/06\/NATACION-MARCAS-576x1024_Fotor_20190614.jpg 575w, https:\/\/arroyitoonline.com.ar\/wp-content\/uploads\/2019\/06\/NATACION-MARCAS-576x1024_Fotor_20190614-205x300.jpg 205w\" sizes=\"auto, (max-width: 575px) 100vw, 575px\" \/><\/figure>\n\n\n\n<p>En d\u00edas anteriores, Benjam\u00edn ya ab\u00eda accedido al podio tras lograr la tercera posici\u00f3n de los 100 metros espalda. Este torneo, de suma envergadura, re\u00fane a los mejores nadadores de entre 16 y 21 a\u00f1os del pa\u00eds. El certamen es clasificatorio para el Mundial Juvenil 2019 que se desarrollar\u00e1 en Budapest, Hungr\u00eda, durante el mes de agosto. <\/p>\n\n\n\n<p>Tras conocerse la noticia, el intendente Mauricio Cravero salud\u00f3 y felicit\u00f3 a Benjam\u00edn, a sus entrenadores, a sus compa\u00f1eros y a la instituci\u00f3n que representa, dese\u00e1ndole \u00e9xitos en las pr\u00f3ximas competencias.<em>\u201cNuevamente Arroyito en lo m\u00e1s alto del deporte nacional. Estos j\u00f3venes no nos dejan reponer de las emociones, nos sentimos orgullosos del futuro que se avecina para ellos, van marcando un camino para pr\u00f3ximas generaciones, un c\u00e1lido abrazo para \u00e9l y su familia\u201d<\/em>,&nbsp;afirm\u00f3&nbsp;el jefe municipal. <\/p>\n\n\n\n<p>Fuente: Prensa Municipal. <\/p>\n","protected":false},"excerpt":{"rendered":"<p>El deportista local se consagr\u00f3 en la categor\u00eda 200 metros espalda, por\u00a0tercera\u00a0vez\u00a0consecutiva.\u00a0En\u00a0esta\u00a0ocasi\u00f3n,\u00a0en\u00a0Santiago\u00a0del\u00a0Estero. El joven nadador local Benjam\u00edn Ghione, representante del&hellip;<\/p>\n","protected":false},"author":3,"featured_media":4182,"comment_status":"closed","ping_status":"open","sticky":false,"template":"","format":"standard","meta":{"footnotes":""},"categories":[3],"tags":[62,67,836,976,253,276,277,527,566,572],"class_list":["post-4181","post","type-post","status-publish","format-standard","has-post-thumbnail","hentry","category-infodeporte","tag-arrebato","tag-arroyito-cordoba","tag-arroyito-online","tag-benjamin-ghione","tag-cravero","tag-deporte","tag-deportes","tag-mauricio-cravero","tag-natacion","tag-noticias-de-arroyito-y-zona"],"_links":{"self":[{"href":"https:\/\/arroyitoonline.com.ar\/index.php?rest_route=\/wp\/v2\/posts\/4181","targetHints":{"allow":["GET"]}}],"collection":[{"href":"https:\/\/arroyitoonline.com.ar\/index.php?rest_route=\/wp\/v2\/posts"}],"about":[{"href":"https:\/\/arroyitoonline.com.ar\/index.php?rest_route=\/wp\/v2\/types\/post"}],"author":[{"embeddable":true,"href":"https:\/\/arroyitoonline.com.ar\/index.php?rest_route=\/wp\/v2\/users\/3"}],"replies":[{"embeddable":true,"href":"https:\/\/arroyitoonline.com.ar\/index.php?rest_route=%2Fwp%2Fv2%2Fcomments&post=4181"}],"version-history":[{"count":2,"href":"https:\/\/arroyitoonline.com.ar\/index.php?rest_route=\/wp\/v2\/posts\/4181\/revisions"}],"predecessor-version":[{"id":4185,"href":"https:\/\/arroyitoonline.com.ar\/index.php?rest_route=\/wp\/v2\/posts\/4181\/revisions\/4185"}],"wp:featuredmedia":[{"embeddable":true,"href":"https:\/\/arroyitoonline.com.ar\/index.php?rest_route=\/wp\/v2\/media\/4182"}],"wp:attachment":[{"href":"https:\/\/arroyitoonline.com.ar\/index.php?rest_route=%2Fwp%2Fv2%2Fmedia&parent=4181"}],"wp:term":[{"taxonomy":"category","embeddable":true,"href":"https:\/\/arroyitoonline.com.ar\/index.php?rest_route=%2Fwp%2Fv2%2Fcategories&post=4181"},{"taxonomy":"post_tag","embeddable":true,"href":"https:\/\/arroyitoonline.com.ar\/index.php?rest_route=%2Fwp%2Fv2%2Ftags&post=4181"}],"curies":[{"name":"wp","href":"https:\/\/api.w.org\/{rel}","templated":true}]}}