{"id":4198,"date":"2019-06-14T15:42:45","date_gmt":"2019-06-14T15:42:45","guid":{"rendered":"http:\/\/arroyitoonline.com.ar\/?p=4198"},"modified":"2019-06-18T03:59:20","modified_gmt":"2019-06-18T03:59:20","slug":"arroyito-celebro-por-primera-vez-el-dia-del-emprendedor-en-honor-a-fulvio-pagani","status":"publish","type":"post","link":"https:\/\/arroyitoonline.com.ar\/?p=4198","title":{"rendered":"Arroyito celebr\u00f3, por primera vez, el D\u00eda del Emprendedor, en honor a Fulvio Pagani"},"content":{"rendered":"\n<p><strong>La fecha del acontecimiento fue fijada el 14 de junio, aniversario del natalicio del fundador de Arcor, por iniciativa de la docente Flavia Hattemer, que le acerc\u00f3 un proyecto al intendente.<\/strong><\/p>\n\n\n\n<p>A principios de este a\u00f1o, el intendente municipal recibi\u00f3 a la docente Flavia Hattemer, qui\u00e9n le acerc\u00f3 un importante proyecto armado por ella con gran compromiso. D\u00edas despu\u00e9s, el Departamento Ejecutivo Municipal envi\u00f3 al Concejo Deliberante ese trabajo, como proyecto de declaraci\u00f3n, para que se reconozca, en la persona del ciudadano ilustre don Fulvio Salvador Pagani, a todos los emprendedores de la ciudad.<\/p>\n\n\n\n<p>En efecto, el mencionado instrumento legal, que fue aprobado por unanimidad en la sesi\u00f3n ordinaria del jueves 11 de abril pasado, propon\u00eda la declaraci\u00f3n del 14 de junio como D\u00eda del Emprendedor, en Arroyito.<\/p>\n\n\n\n<p>Ese d\u00eda lleg\u00f3 y, por primera vez en esta localidad, se celebra el D\u00cdA DEL EMPRENDEDOR. La Declaraci\u00f3n es la N\u00ba 1 de 2019. En su\u00a0objeto est\u00e1 la intenci\u00f3n de que se celebre el emprendimiento, la manifestaci\u00f3n del aprecio, la valoraci\u00f3n que la ciudad deposita en todos sus emprendedores, aquellos vecinos que se encargan de su destino y del de los dem\u00e1s a trav\u00e9s de la generaci\u00f3n de un trabajo.\u00a0 Pero, \u00bfpor qu\u00e9 la elecci\u00f3n de la fecha? Porque en ella se recuerda el nacimiento de don Fulvio, un 14 de junio de 1928. Por lo que hoy cumplir\u00eda 91 a\u00f1os.<\/p>\n\n\n\n<p>Esta celebraci\u00f3n del trabajo y la proactividad se manifiesta a trav\u00e9s de la organizaci\u00f3n. Hoy adem\u00e1s, se realiza en el Ipetaym N\u00ba 68, la 10\u00aa Expo Carreras y, este a\u00f1o, el municipio junto al Centro Comercial le anexaron el 1er. Encuentro Emprender. <\/p>\n\n\n\n<p>Sobran las palabras para referirnos a la vida y a la obra del emprendedor por excelencia que tuvo nuestro Arroyito: el fundador de Arcor, junto a un grupo de amigos. El l\u00edder indiscutido de esta realidad que nos hizo famosos en el mundo. Un emprendedor que dej\u00f3 su impronta en la ciudad y luego la esparci\u00f3 por el mundo y a nuevas generaciones que le sucedieron\u2026<\/p>\n\n\n\n<p>&#8220;La iniciativa lleg\u00f3 al Ejecutivo de manos de una vecina, la profesora Flavia Hattermer. Ella expres\u00f3 su inter\u00e9s en el proyecto y contribuy\u00f3 acercando muchos de los elementos necesarios para su conformaci\u00f3n. A Flavia, gracias!!! En nombre de los vecinos y vecinas de la ciudad&#8221;, remarcaron desde la actual administraci\u00f3n local.<\/p>\n\n\n\n<p><strong>DECLARACI\u00d3N N\u00ba 01\/2019<\/strong><\/p>\n\n\n\n<p>VISTO: El proyecto denominado \u201cDECLARAR EL 14 DE JUNIO COMO D\u00cdA DEL EMPRENDEDOR\u201d presentado por el departamento Ejecutivo Municipal en la Sesi\u00f3n Ordinaria del 11 de abril del dos mil diecinueve.&nbsp;<\/p>\n\n\n\n<p>Y CONSIDERANDO: Que el proyecto menciona \u201cla trayectoria vital de quien fuera un ciudadano reconocido en la ciudad de la que eligi\u00f3 ser el art\u00edfice de su progreso, as\u00ed como un&nbsp; empresario de prestigio nacional e internacional.&nbsp;<\/p>\n\n\n\n<p>&nbsp;&nbsp;&nbsp;&nbsp; Que Fulvio Salvador Pagani, naci\u00f3 en la localidad de La Para, provincia de C\u00f3rdoba, el 14 de junio de 1928. Hijo de inmigrantes italianos, Amos Pagani y Mar\u00eda Fabbro, ambos panaderos.<\/p>\n\n\n\n<p>&nbsp;&nbsp;&nbsp;&nbsp; Que Fulvio desde los dieciocho a\u00f1os se encarg\u00f3 de expandir el negocio de sus padres. En 1951, a la edad de 23 a\u00f1os, junto a sus socios Mario Seveso, Enrique Brizio y los hermanos Modesto, Pablo y Vicente Maranzana fundaron ARCOR, en nuestra ciudad.<\/p>\n\n\n\n<p>&nbsp;&nbsp;&nbsp;&nbsp; Que fue un hombre de profundas convicciones cristianas, contrajo matrimonio con Amanda Laura Cagnolo, con quien tuvo seis hijos: Luis, Claudia, Lilia, Fulvio, Alfredo y Mario.<\/p>\n\n\n\n<p>&nbsp;&nbsp;&nbsp;&nbsp; Que en 1990 fue reconocido como uno de los principales empresarios argentinos, fue presidente de la Uni\u00f3n Industrial de C\u00f3rdoba, desde septiembre de 1990 hasta su fallecimiento. Fue miembro del Comit\u00e9 Ejecutivo de la Uni\u00f3n Industrial Argentina, del&nbsp; Consejo Empresario Argentino y del Directorio del Banco de la Provincia de C\u00f3rdoba, as\u00ed como Vicepresidente de la Fundaci\u00f3n del mencionado Banco. Actu\u00f3 como C\u00f3nsul Honorario de Finlandia en las Provincias de C\u00f3rdoba, La Rioja, Catamarca y Santiago del Estero, desde 1984 hasta su fallecimiento.<\/p>\n\n\n\n<p>&nbsp;&nbsp;&nbsp;&nbsp; Que fue fundador y presidente de la Fundaci\u00f3n Mediterr\u00e1nea y el mentor de la Fundaci\u00f3n Acci\u00f3n para la Iniciativa&nbsp; Privada. Fue Director Titular de la C\u00e1mara de Comercio Exterior de C\u00f3rdoba y Fundador de la C\u00e1mara de Comercio \u00cdtalo-Argentina de nuestra ciudad.<\/p>\n\n\n\n<p>&nbsp;&nbsp;&nbsp;&nbsp; &nbsp;&nbsp;&nbsp;&nbsp;&nbsp;&nbsp;&nbsp;&nbsp;&nbsp;&nbsp;&nbsp;Que integr\u00f3 la comisi\u00f3n que organiz\u00f3 la visita del Papa Juan Pablo II a C\u00f3rdoba en el a\u00f1o 1985 y particip\u00f3 activamente en la fundaci\u00f3n y sostenimiento de la Asociaci\u00f3n Friuliana Cordobesa que lo design\u00f3 Embajador del Friuli nel Mondo, habiendo recibido el Premio Epifan\u00eda.<\/p>\n\n\n\n<p>&nbsp;&nbsp;&nbsp;&nbsp; Que tuvo relevante actuaci\u00f3n en el Hospital Italiano de C\u00f3rdoba, en el Rotary Club, en la Cooperativa de Servicios P\u00fablicos de Arroyito y en Hogares de Ancianos, entre otras entidades.<\/p>\n\n\n\n<p>&nbsp;&nbsp;&nbsp;&nbsp; Que entre las distinciones que recibi\u00f3 se destacan: Premio Konex de Honor, en el a\u00f1o 1998: Instituciones-Comunidad-Empresa, Premio Konex de Platino, en el a\u00f1o 1988: Empresarios de la Industria Privada.<\/p>\n\n\n\n<p>&nbsp;&nbsp;&nbsp;&nbsp; Que fue condecorado por el Gobierno de Finlandia y por el Gobierno de Italia, que lo honr\u00f3 con la nominaci\u00f3n de Cavallieri del Lavoro. Fue declarado Ciudadano Ilustre de nuestra ciudad por Decreto N\u00ba 212\/88.<\/p>\n\n\n\n<p>&nbsp;&nbsp;&nbsp;&nbsp; Que Fulvio Salvador Pagani falleci\u00f3 en un accidente&nbsp; automovil\u00edstico el d\u00eda 29 de diciembre de 1990, dejando la huella de una vida ejemplar, basada en el empuje y el trabajo.<\/p>\n\n\n\n<p>&nbsp;&nbsp;&nbsp;&nbsp; Que pervive en la memoria de su entra\u00f1able ciudad, llevando su nombre: Una avenida principal, un Jard\u00edn de Infantes y el Centro de Jubilados.<\/p>\n\n\n\n<p>&nbsp;&nbsp;&nbsp;&nbsp; Que amaba profundamente Arroyito, lugar donde realiz\u00f3 sus primeros emprendimientos, y de la que escribi\u00f3 \u201cRecuerdo a Arroyito y sus pobladores, lugar donde nos establecimos desde un principio y donde encontramos un hogar, una patria chica, un sitio al que siempre se desea volver\u201d.<\/p>\n\n\n\n<p>Que, el mencionado proyecto result\u00f3 aprobado por Unanimidad.<\/p>\n\n\n\n<p><strong>POR ELLO,<\/strong>&nbsp;<\/p>\n\n\n\n<p><strong>EL CONCEJO DELIBERANTE DE LA CIUDAD DE ARROYITO, EN USO DE SUS FACULTADES<\/strong>&nbsp;<\/p>\n\n\n\n<p><strong>DISPONE:<\/strong><\/p>\n\n\n\n<p>Art. 1\u00ba) DECL\u00c1RASE el d\u00eda 14 de Junio, como D\u00cdA DEL EMPRENDEDOR, en la ciudad de Arroyito, con motivo de haberse celebrado los 90 a\u00f1os del nacimiento de don Fulvio Salvador Pagani.&nbsp;<\/p>\n\n\n\n<p>Art. 2\u00ba) PROV\u00c9ASE a las comunidades educativas locales del material necesario para el conocimiento de la obra emprendedora y los valores que sustentaron la vida de&nbsp; don Fulvio Salvador Pagani.<\/p>\n\n\n\n<p>Art. 3\u00ba)&nbsp; DE FORMA. &nbsp;<\/p>\n\n\n\n<p>Ciudad de Arroyito, 6 de marzo de 2.019.-<\/p>\n\n\n\n<p>Fuente: Prensa Municipal.<\/p>\n","protected":false},"excerpt":{"rendered":"<p>La fecha del acontecimiento fue fijada el 14 de junio, aniversario del natalicio del fundador de Arcor, por iniciativa de&hellip;<\/p>\n","protected":false},"author":3,"featured_media":4199,"comment_status":"closed","ping_status":"open","sticky":false,"template":"","format":"standard","meta":{"footnotes":""},"categories":[920],"tags":[66,67,836,226,227,253,977,325,978,527,555,556,572],"class_list":["post-4198","post","type-post","status-publish","format-standard","has-post-thumbnail","hentry","category-concejo-deliberante-online","tag-arroyito","tag-arroyito-cordoba","tag-arroyito-online","tag-concejo","tag-concejo-deliberante","tag-cravero","tag-dia-del-emprendedor","tag-emprendedores","tag-fulvio-pagani","tag-mauricio-cravero","tag-municipalidad","tag-municipalidad-de-arroyito","tag-noticias-de-arroyito-y-zona"],"_links":{"self":[{"href":"https:\/\/arroyitoonline.com.ar\/index.php?rest_route=\/wp\/v2\/posts\/4198","targetHints":{"allow":["GET"]}}],"collection":[{"href":"https:\/\/arroyitoonline.com.ar\/index.php?rest_route=\/wp\/v2\/posts"}],"about":[{"href":"https:\/\/arroyitoonline.com.ar\/index.php?rest_route=\/wp\/v2\/types\/post"}],"author":[{"embeddable":true,"href":"https:\/\/arroyitoonline.com.ar\/index.php?rest_route=\/wp\/v2\/users\/3"}],"replies":[{"embeddable":true,"href":"https:\/\/arroyitoonline.com.ar\/index.php?rest_route=%2Fwp%2Fv2%2Fcomments&post=4198"}],"version-history":[{"count":1,"href":"https:\/\/arroyitoonline.com.ar\/index.php?rest_route=\/wp\/v2\/posts\/4198\/revisions"}],"predecessor-version":[{"id":4200,"href":"https:\/\/arroyitoonline.com.ar\/index.php?rest_route=\/wp\/v2\/posts\/4198\/revisions\/4200"}],"wp:featuredmedia":[{"embeddable":true,"href":"https:\/\/arroyitoonline.com.ar\/index.php?rest_route=\/wp\/v2\/media\/4199"}],"wp:attachment":[{"href":"https:\/\/arroyitoonline.com.ar\/index.php?rest_route=%2Fwp%2Fv2%2Fmedia&parent=4198"}],"wp:term":[{"taxonomy":"category","embeddable":true,"href":"https:\/\/arroyitoonline.com.ar\/index.php?rest_route=%2Fwp%2Fv2%2Fcategories&post=4198"},{"taxonomy":"post_tag","embeddable":true,"href":"https:\/\/arroyitoonline.com.ar\/index.php?rest_route=%2Fwp%2Fv2%2Ftags&post=4198"}],"curies":[{"name":"wp","href":"https:\/\/api.w.org\/{rel}","templated":true}]}}