{"id":4206,"date":"2019-06-18T17:06:44","date_gmt":"2019-06-18T17:06:44","guid":{"rendered":"http:\/\/arroyitoonline.com.ar\/?p=4206"},"modified":"2019-06-19T03:21:28","modified_gmt":"2019-06-19T03:21:28","slug":"la-mama-de-una-electrodependiente-reflexiono-sobre-el-corte-de-luz-y-pidio-empatia","status":"publish","type":"post","link":"https:\/\/arroyitoonline.com.ar\/?p=4206","title":{"rendered":"La mam\u00e1 de una electrodependiente reflexion\u00f3 sobre el corte de luz y pidi\u00f3 empat\u00eda"},"content":{"rendered":"\n<p><strong>Se trata de Silvina Cerino. Su hija Amel\u00ed, de cuatro a\u00f1os, padece atresia de es\u00f3fago y utiliza una bomba de alimentaci\u00f3n el\u00e9ctrica. <\/strong><\/p>\n\n\n\n<p>El pasado domingo 16 de junio se produjo un apag\u00f3n masivo en Argentina y pa\u00edses lim\u00edtrofes, durante el cual 50 millones de personas se quedaron sin luz. En este marco, muchas personas que requieren de un suministro el\u00e9ctrico constante y en niveles de tensi\u00f3n adecuados para la alimentaci\u00f3n del equipamiento que, por prescripci\u00f3n m\u00e9dica, les resulta imprescindible para vivir, padecieron la prolongada interrupci\u00f3n del servicio. <\/p>\n\n\n\n<p>En las \u00faltimas horas, la mam\u00e1 de\nuna electrodependiente de Arroyito realiz\u00f3 una publicaci\u00f3n en la red social\nFacebook, a trav\u00e9s de la cual visibiliz\u00f3 la problem\u00e1tica que atraviesan las\nfamilias cordobesas, que tienen integrantes internados en sus hogares y cuya\nsalud depende de la electricidad. <\/p>\n\n\n\n<div class=\"wp-block-image\"><figure class=\"aligncenter\"><img loading=\"lazy\" decoding=\"async\" width=\"515\" height=\"288\" src=\"http:\/\/arroyitoonline.com.ar\/wp-content\/uploads\/2019\/06\/Sin-t\u00edtulo.png\" alt=\"\" class=\"wp-image-4211\" srcset=\"https:\/\/arroyitoonline.com.ar\/wp-content\/uploads\/2019\/06\/Sin-t\u00edtulo.png 515w, https:\/\/arroyitoonline.com.ar\/wp-content\/uploads\/2019\/06\/Sin-t\u00edtulo-300x168.png 300w\" sizes=\"auto, (max-width: 515px) 100vw, 515px\" \/><figcaption><em>La publicaci\u00f3n de Facebook de Silvina Cerino<\/em><\/figcaption><\/figure><\/div>\n\n\n\n<p>Se trata de Silvina Cerino. Es que su hija Amel\u00ed tiene cuatro a\u00f1os, naci\u00f3 con atresia de es\u00f3fago y f\u00edstula traqueo esof\u00e1gica y utiliza una bomba de alimentaci\u00f3n el\u00e9ctrica. La peque\u00f1a fue operada tres veces por toracotom\u00eda con t\u00f3rax abierto y, en la \u00faltima cirug\u00eda, tuvieron que sacarle un tercio del pulm\u00f3n derecho. Por eso ella, durante los casi tres primeros a\u00f1os, requiri\u00f3 ox\u00edgeno. Adem\u00e1s estuvo siete u ocho meses alojada en hospital y continu\u00f3 con internaci\u00f3n domiciliaria.<\/p>\n\n\n\n<p>Amel\u00ed padece una malformaci\u00f3n\ngen\u00e9tica, que solo tiene una de cada 3.500 personas, en diferente grado. Esta\npatolog\u00eda implica que el es\u00f3fago no est\u00e1 unido al est\u00f3mago, sino que se conecta\ncon la tr\u00e1quea. En algunos casos, a los ni\u00f1os los operan solo una vez y van\nsaliendo adelante y en otros son m\u00e1s las cirug\u00edas que se requieren, como le\npas\u00f3 a Amel\u00ed.<\/p>\n\n\n\n<p>Hace un a\u00f1o, Silvina y su marido C\u00e9sar, crearon un grupo de Facebook para las familias llamado <a href=\"https:\/\/www.facebook.com\/groups\/2095968127086355\/\">Atresia de Es\u00f3fago Argentina<\/a>, el cual ya cuenta con 132 miembros. Se trata de un espacio donde los parientes de ni\u00f1os con este diagn\u00f3stico se ayudan entre s\u00ed, sobre todo a aquellos que pasan por el peor momento. Ahora, su objetivo es la generaci\u00f3n de la Asociaci\u00f3n Argentina de Atresia de Es\u00f3fago. Con esta herramienta pretenden <em>\u201cDar \u00e1nimo, fuerzas, apoyar&#8230; estar\u201d<\/em>, dijo Silvina a <strong>Arroyito Online<\/strong>, quien agradeci\u00f3 a las mam\u00e1s Evelyn Lobito (La Plata) y Ceci I\u00e1cono (Buenos Aires), por acompa\u00f1arla desde el inicio, y agreg\u00f3 que, en este prop\u00f3sito, est\u00e1n siendo ayudados por la Asociaci\u00f3n de Atresia de Espa\u00f1a. <\/p>\n\n\n\n<figure class=\"wp-block-image\"><img loading=\"lazy\" decoding=\"async\" width=\"957\" height=\"538\" src=\"http:\/\/arroyitoonline.com.ar\/wp-content\/uploads\/2019\/06\/silvina-cerino-amel\u00ed-electrodependientes_Fotor.jpg\" alt=\"\" class=\"wp-image-4213\" srcset=\"https:\/\/arroyitoonline.com.ar\/wp-content\/uploads\/2019\/06\/silvina-cerino-amel\u00ed-electrodependientes_Fotor.jpg 957w, https:\/\/arroyitoonline.com.ar\/wp-content\/uploads\/2019\/06\/silvina-cerino-amel\u00ed-electrodependientes_Fotor-300x169.jpg 300w, https:\/\/arroyitoonline.com.ar\/wp-content\/uploads\/2019\/06\/silvina-cerino-amel\u00ed-electrodependientes_Fotor-768x432.jpg 768w\" sizes=\"auto, (max-width: 957px) 100vw, 957px\" \/><figcaption><em>Silvina y sus hijas<\/em><\/figcaption><\/figure>\n\n\n\n<p>Al ser consultada, la mam\u00e1 de la peque\u00f1a Amel\u00ed coment\u00f3 que hizo la publicaci\u00f3n en la red social <em>\u201crecordando a los ni\u00f1os y adultos que dependen de equipos el\u00e9ctricos para sus necesidades b\u00e1sicas para vivir\u2026 para crear un poco de empat\u00eda con sus familias. Nosotros, en un momento estuvimos as\u00ed, ahora un poco mejor, ya no necesitamos ox\u00edgeno todos los d\u00edas, pero es muy angustiante. La Asociaci\u00f3n de Electrodependientes ayuda mucho&#8221;<\/em>.<\/p>\n\n\n\n<p><em>&#8220;Aunque est\u00e1 la <a href=\"http:\/\/servicios.infoleg.gob.ar\/infolegInternet\/anexos\/270000-274999\/274737\/norma.htm\">Ley Nacional<\/a>, son varios tr\u00e1mites, en C\u00f3rdoba no est\u00e1 reglada y hay m\u00e1s burocracia. Hice los tr\u00e1mites en la p\u00e1gina del Ministerio de Salud de la Naci\u00f3n, y resulta que en la provincia no serv\u00edan. En Buenos Aires es tarifa cero y en C\u00f3rdoba no. Ac\u00e1 la empresa de energ\u00eda te acerca un grupo electr\u00f3geno. Cuando se cort\u00f3 la luz el domingo me llamaron de la Cespal para ofrec\u00e9rmelo y, como yo tengo uno propio, se lo llevaban a otro electrodependiente\u201d<\/em>,\u00a0agreg\u00f3\u00a0Silvina.<\/p>\n\n\n\n<p>Si bien el lugares como Arroyito la situaci\u00f3n puede ser controlada, el problema aparece en grandes ciudades, sitios donde hay alrededor de 4.000 electrodependientes, y la empresa de energ\u00eda tiene 500 grupos, con los que no dan abasto. <\/p>\n","protected":false},"excerpt":{"rendered":"<p>Se trata de Silvina Cerino. Su hija Amel\u00ed, de cuatro a\u00f1os, padece atresia de es\u00f3fago y utiliza una bomba de&hellip;<\/p>\n","protected":false},"author":3,"featured_media":4207,"comment_status":"closed","ping_status":"open","sticky":false,"template":"","format":"standard","meta":{"footnotes":""},"categories":[866],"tags":[66,67,836,980,572,706],"class_list":["post-4206","post","type-post","status-publish","format-standard","has-post-thumbnail","hentry","category-historias-online","tag-arroyito","tag-arroyito-cordoba","tag-arroyito-online","tag-electrodependientes","tag-noticias-de-arroyito-y-zona","tag-salud"],"_links":{"self":[{"href":"https:\/\/arroyitoonline.com.ar\/index.php?rest_route=\/wp\/v2\/posts\/4206","targetHints":{"allow":["GET"]}}],"collection":[{"href":"https:\/\/arroyitoonline.com.ar\/index.php?rest_route=\/wp\/v2\/posts"}],"about":[{"href":"https:\/\/arroyitoonline.com.ar\/index.php?rest_route=\/wp\/v2\/types\/post"}],"author":[{"embeddable":true,"href":"https:\/\/arroyitoonline.com.ar\/index.php?rest_route=\/wp\/v2\/users\/3"}],"replies":[{"embeddable":true,"href":"https:\/\/arroyitoonline.com.ar\/index.php?rest_route=%2Fwp%2Fv2%2Fcomments&post=4206"}],"version-history":[{"count":6,"href":"https:\/\/arroyitoonline.com.ar\/index.php?rest_route=\/wp\/v2\/posts\/4206\/revisions"}],"predecessor-version":[{"id":4226,"href":"https:\/\/arroyitoonline.com.ar\/index.php?rest_route=\/wp\/v2\/posts\/4206\/revisions\/4226"}],"wp:featuredmedia":[{"embeddable":true,"href":"https:\/\/arroyitoonline.com.ar\/index.php?rest_route=\/wp\/v2\/media\/4207"}],"wp:attachment":[{"href":"https:\/\/arroyitoonline.com.ar\/index.php?rest_route=%2Fwp%2Fv2%2Fmedia&parent=4206"}],"wp:term":[{"taxonomy":"category","embeddable":true,"href":"https:\/\/arroyitoonline.com.ar\/index.php?rest_route=%2Fwp%2Fv2%2Fcategories&post=4206"},{"taxonomy":"post_tag","embeddable":true,"href":"https:\/\/arroyitoonline.com.ar\/index.php?rest_route=%2Fwp%2Fv2%2Ftags&post=4206"}],"curies":[{"name":"wp","href":"https:\/\/api.w.org\/{rel}","templated":true}]}}