{"id":4219,"date":"2019-06-18T22:03:03","date_gmt":"2019-06-18T22:03:03","guid":{"rendered":"http:\/\/arroyitoonline.com.ar\/?p=4219"},"modified":"2019-06-18T22:03:12","modified_gmt":"2019-06-18T22:03:12","slug":"los-empleados-municipales-consiguieron-un-aumento-del-30-mas-la-clausula-gatillo","status":"publish","type":"post","link":"https:\/\/arroyitoonline.com.ar\/?p=4219","title":{"rendered":"Los empleados municipales consiguieron un aumento del 30%, m\u00e1s la cl\u00e1usula gatillo"},"content":{"rendered":"\n<p><strong>El jueves pasado, el Concejo Deliberante trat\u00f3 y aprob\u00f3 por mayor\u00eda\nsimple, la ratificaci\u00f3n de los acuerdos con los dos gremios que nuclean a los\nagentes p\u00fablicos locales.<\/strong><\/p>\n\n\n\n<p>En la noche\ndel pasado jueves, en una intensa sesi\u00f3n ordinaria, el Concejo Deliberante trat\u00f3\nel Proyecto de Ordenanza: <em>\u201cRatificaci\u00f3n de los acuerdos\ncelebrados con el Sindicato de Obreros y Empleados Municipales de Arroyito\n(Soema) y con el Sindicato Uni\u00f3n Obreros y Empleados Municipales (Suoem) y\nrectificaci\u00f3n del presupuesto de gastos y recursos ejercicio 2019\u201d<\/em>, presentado\npor el Departamento Ejecutivo Municipal. <\/p>\n\n\n\n<p>A diferencia de\na\u00f1os anteriores, esta vez la ordenanza sali\u00f3 por mayor\u00eda simple y no por\nunanimidad, ya que el bloque Vecinalismo Independiente no acompa\u00f1\u00f3. Tanto\nWilson Genesio y Juan Jos\u00e9 Sileone, como Marcelo Ferrero \u2013que termin\u00f3 aprobando-,\ncriticaron al Ejecutivo por la elevaci\u00f3n de dos proyectos en uno. Si bien todos\nlos concejales estuvieron de acuerdo con el aumento salarial para los empleados\nmunicipales, no sucedi\u00f3 lo mismo con la rectificaci\u00f3n del presupuesto, que la\nOposici\u00f3n rechaz\u00f3, porque incluye muchos otros \u00edtems que no estar\u00edan\nrelacionados con el incremento de la partida de salarios. <\/p>\n\n\n\n<p><strong>El acuerdo paritario<\/strong><\/p>\n\n\n\n<p>El martes, antes\nde su ingreso al recinto, se hab\u00edan cerrado las negociaciones paritarias\ncorrespondientes al a\u00f1o en curso, por lo que el aumento salarial de los agentes\nmunicipales ser\u00e1 del 30%, con cl\u00e1usula gatillo, que se disparar\u00e1 en el caso de\nque la inflaci\u00f3n anual supere ese porcentaje.<\/p>\n\n\n\n<p>Si eso pasa, los empleados p\u00fablicos percibir\u00e1n la diferencia en diciembre de 2019, enero y febrero de 2020, cuando vence el acuerdo paritario que se renovar\u00e1 en el tercer mes del a\u00f1o que viene. En 2018, el pacto tuvo similares caracter\u00edsticas. Del 24% acordado, los agentes terminaron percibiendo 47,9% de incremento, empatando al alt\u00edsimo \u00edndice inflacionario anual que se registr\u00f3. \u00a0 De acuerdo a lo negociado en esta oportunidad, los empleados cobrar\u00e1n 15% retroactivo a marzo, a lo que se sumar\u00e1 un 8% en septiembre y el 7% en diciembre. Adem\u00e1s, el secretario General de Soema, Diego Dom\u00ednguez, explic\u00f3 que le solicitaron al intendente la entrega de una caja de mercader\u00eda en octubre, que se sumar\u00eda a la que reciben en \u00e9poca navide\u00f1.<\/p>\n\n\n\n<p>Otro de los pedidos al Ejecutivo fue que a los empleados de maestranza y servicios generales se les d\u00e9 la posibilidad de que accedan a la Planta Permanente, ya que existen <em>\u201c65 afiliados en condiciones de ingresar a Planta y pretendemos que puedan entrar 25 o 30\u201d<\/em>, remarc\u00f3 el gremialista recalcando que no est\u00e1 de acuerdo con que <em>\u201cse llegue a estas instancias pol\u00edticas y se empiece a nombrar gente. Yo creo que hay que ponerle un tope o acordar, sea a\u00f1o electoral o no sea a\u00f1o electoral, tiene que quedar la gente en planta permanente, porque es un derecho que se merece el trabajador. Porque si no terminamos usando estas medidas pol\u00edticamente. Lo han hecho todos. Es una discusi\u00f3n profunda que nos tenemos que dar, para que en el futuro no siga sucediendo\u201d<\/em>.  <\/p>\n\n\n\n<p>Foto de archivo: captura Canal 3.<\/p>\n","protected":false},"excerpt":{"rendered":"<p>El jueves pasado, el Concejo Deliberante trat\u00f3 y aprob\u00f3 por mayor\u00eda simple, la ratificaci\u00f3n de los acuerdos con los dos&hellip;<\/p>\n","protected":false},"author":3,"featured_media":4220,"comment_status":"closed","ping_status":"open","sticky":false,"template":"","format":"standard","meta":{"footnotes":""},"categories":[926],"tags":[66,67,836,83,572,597,735,736,981],"class_list":["post-4219","post","type-post","status-publish","format-standard","has-post-thumbnail","hentry","category-sindicales","tag-arroyito","tag-arroyito-cordoba","tag-arroyito-online","tag-aumentos","tag-noticias-de-arroyito-y-zona","tag-paritarias","tag-sindicato","tag-sindicatos","tag-soema"],"_links":{"self":[{"href":"https:\/\/arroyitoonline.com.ar\/index.php?rest_route=\/wp\/v2\/posts\/4219","targetHints":{"allow":["GET"]}}],"collection":[{"href":"https:\/\/arroyitoonline.com.ar\/index.php?rest_route=\/wp\/v2\/posts"}],"about":[{"href":"https:\/\/arroyitoonline.com.ar\/index.php?rest_route=\/wp\/v2\/types\/post"}],"author":[{"embeddable":true,"href":"https:\/\/arroyitoonline.com.ar\/index.php?rest_route=\/wp\/v2\/users\/3"}],"replies":[{"embeddable":true,"href":"https:\/\/arroyitoonline.com.ar\/index.php?rest_route=%2Fwp%2Fv2%2Fcomments&post=4219"}],"version-history":[{"count":1,"href":"https:\/\/arroyitoonline.com.ar\/index.php?rest_route=\/wp\/v2\/posts\/4219\/revisions"}],"predecessor-version":[{"id":4221,"href":"https:\/\/arroyitoonline.com.ar\/index.php?rest_route=\/wp\/v2\/posts\/4219\/revisions\/4221"}],"wp:featuredmedia":[{"embeddable":true,"href":"https:\/\/arroyitoonline.com.ar\/index.php?rest_route=\/wp\/v2\/media\/4220"}],"wp:attachment":[{"href":"https:\/\/arroyitoonline.com.ar\/index.php?rest_route=%2Fwp%2Fv2%2Fmedia&parent=4219"}],"wp:term":[{"taxonomy":"category","embeddable":true,"href":"https:\/\/arroyitoonline.com.ar\/index.php?rest_route=%2Fwp%2Fv2%2Fcategories&post=4219"},{"taxonomy":"post_tag","embeddable":true,"href":"https:\/\/arroyitoonline.com.ar\/index.php?rest_route=%2Fwp%2Fv2%2Ftags&post=4219"}],"curies":[{"name":"wp","href":"https:\/\/api.w.org\/{rel}","templated":true}]}}