{"id":4222,"date":"2019-06-19T03:13:36","date_gmt":"2019-06-19T03:13:36","guid":{"rendered":"http:\/\/arroyitoonline.com.ar\/?p=4222"},"modified":"2019-06-19T03:13:38","modified_gmt":"2019-06-19T03:13:38","slug":"bomberos-extinguieron-principio-de-incendio-en-el-patio-de-una-casa","status":"publish","type":"post","link":"https:\/\/arroyitoonline.com.ar\/?p=4222","title":{"rendered":"Bomberos extinguieron principio de incendio en el patio de una casa"},"content":{"rendered":"\n<p><strong>Ocurri\u00f3 en un peque\u00f1o dep\u00f3sito de maderas para alba\u00f1iler\u00eda, en inmediaciones de la Plaza Jos\u00e9 Ignacio Urqu\u00eda. <\/strong><\/p>\n\n\n\n<p>A las 20:00 horas de este martes, Bomberos recibi\u00f3 un aviso por parte de la polic\u00eda local, que alertaba sobre un principio de incendio producido en un kiosco ubicado en inmediaciones de la Plaza Jos\u00e9 Ignacio Urqu\u00eda.<\/p>\n\n\n\n<p>Dada la presencia de personal voluntario en el cuartel en esa franja horaria, de manera r\u00e1pida salieron hacia el lugar, los M\u00f3viles 11 y 25 a cargo del jefe del Cuerpo Activo, Crio. Inspector Alejandro Sam Sam.<\/p>\n\n\n\n<p>Cuando llegaron al sector, los bomberos se encontraron con un principio de incendio en un peque\u00f1o dep\u00f3sito de maderas para alba\u00f1iler\u00eda situado en el patio de una vivienda. A continuaci\u00f3n, extinguieron el siniestro, realizaron el escombramiento y el enfriamiento final regresando al cuartel sin novedades. <\/p>\n\n\n\n<p>Fuente: Facbeook Asociaci\u00f3n Bomberos Voluntarios Arroyito. <\/p>\n\n\n\n<p>Foto: Arroyito Online. <\/p>\n","protected":false},"excerpt":{"rendered":"<p>Ocurri\u00f3 en un peque\u00f1o dep\u00f3sito de maderas para alba\u00f1iler\u00eda, en inmediaciones de la Plaza Jos\u00e9 Ignacio Urqu\u00eda. A las 20:00&hellip;<\/p>\n","protected":false},"author":3,"featured_media":4223,"comment_status":"closed","ping_status":"open","sticky":false,"template":"","format":"standard","meta":{"footnotes":""},"categories":[900],"tags":[66,67,836,127,128,129,435,572],"class_list":["post-4222","post","type-post","status-publish","format-standard","has-post-thumbnail","hentry","category-noticias","tag-arroyito","tag-arroyito-cordoba","tag-arroyito-online","tag-bomberos-arroyito","tag-bomberos-de-arroyito","tag-bomberos-voluntarios","tag-incendio","tag-noticias-de-arroyito-y-zona"],"_links":{"self":[{"href":"https:\/\/arroyitoonline.com.ar\/index.php?rest_route=\/wp\/v2\/posts\/4222","targetHints":{"allow":["GET"]}}],"collection":[{"href":"https:\/\/arroyitoonline.com.ar\/index.php?rest_route=\/wp\/v2\/posts"}],"about":[{"href":"https:\/\/arroyitoonline.com.ar\/index.php?rest_route=\/wp\/v2\/types\/post"}],"author":[{"embeddable":true,"href":"https:\/\/arroyitoonline.com.ar\/index.php?rest_route=\/wp\/v2\/users\/3"}],"replies":[{"embeddable":true,"href":"https:\/\/arroyitoonline.com.ar\/index.php?rest_route=%2Fwp%2Fv2%2Fcomments&post=4222"}],"version-history":[{"count":1,"href":"https:\/\/arroyitoonline.com.ar\/index.php?rest_route=\/wp\/v2\/posts\/4222\/revisions"}],"predecessor-version":[{"id":4224,"href":"https:\/\/arroyitoonline.com.ar\/index.php?rest_route=\/wp\/v2\/posts\/4222\/revisions\/4224"}],"wp:featuredmedia":[{"embeddable":true,"href":"https:\/\/arroyitoonline.com.ar\/index.php?rest_route=\/wp\/v2\/media\/4223"}],"wp:attachment":[{"href":"https:\/\/arroyitoonline.com.ar\/index.php?rest_route=%2Fwp%2Fv2%2Fmedia&parent=4222"}],"wp:term":[{"taxonomy":"category","embeddable":true,"href":"https:\/\/arroyitoonline.com.ar\/index.php?rest_route=%2Fwp%2Fv2%2Fcategories&post=4222"},{"taxonomy":"post_tag","embeddable":true,"href":"https:\/\/arroyitoonline.com.ar\/index.php?rest_route=%2Fwp%2Fv2%2Ftags&post=4222"}],"curies":[{"name":"wp","href":"https:\/\/api.w.org\/{rel}","templated":true}]}}