{"id":4227,"date":"2019-06-19T03:30:14","date_gmt":"2019-06-19T03:30:14","guid":{"rendered":"http:\/\/arroyitoonline.com.ar\/?p=4227"},"modified":"2019-06-19T03:30:16","modified_gmt":"2019-06-19T03:30:16","slug":"realizan-mantenimiento-de-la-red-de-agua-corriente-sobre-calle-alfonsin","status":"publish","type":"post","link":"https:\/\/arroyitoonline.com.ar\/?p=4227","title":{"rendered":"Realizan mantenimiento de la red de agua corriente sobre calle Alfons\u00edn"},"content":{"rendered":"\n<p><strong>Durante la ejecuci\u00f3n de la obra, esa calle, entre Urquiza y Dalle Mura, tendr\u00e1 un \u00fanico sentido de circulaci\u00f3n de sur a norte. <\/strong><\/p>\n\n\n\n<p>Desde este mi\u00e9rcoles 19, la\u00a0calle Presidente Ra\u00fal Alfons\u00edn, entre Urquiza y Dalle Mura, tendr\u00e1 un sentido de circulaci\u00f3n \u00fanico de sur a norte. Por ende, aquellos que anden por avenida Dalle Mura no podr\u00e1n ingresar a Alfons\u00edn, debido a la ejecuci\u00f3n del mantenimiento de la red de agua corriente. Esta situaci\u00f3n se prolongar\u00e1 por un lapso aproximado de 30 d\u00edas. <\/p>\n\n\n\n<p>En el lugar habr\u00e1 carteler\u00eda de prevenci\u00f3n e inspectores de manera constante. Adem\u00e1s, desde el \u00e1rea conducida por la Lic. Cintia Bruera solicitan a toda la comunidad, que circule con precauci\u00f3n hasta que la obra est\u00e9 concluida. <\/p>\n\n\n\n<p>Fuente: Prensa Municipal. <\/p>\n","protected":false},"excerpt":{"rendered":"<p>Durante la ejecuci\u00f3n de la obra, esa calle, entre Urquiza y Dalle Mura, tendr\u00e1 un \u00fanico sentido de circulaci\u00f3n de&hellip;<\/p>\n","protected":false},"author":3,"featured_media":4228,"comment_status":"closed","ping_status":"open","sticky":false,"template":"","format":"standard","meta":{"footnotes":""},"categories":[942],"tags":[66,67,836,138,295,555,556,572,771],"class_list":["post-4227","post","type-post","status-publish","format-standard","has-post-thumbnail","hentry","category-transito","tag-arroyito","tag-arroyito-cordoba","tag-arroyito-online","tag-calles","tag-direccion-de-transito","tag-municipalidad","tag-municipalidad-de-arroyito","tag-noticias-de-arroyito-y-zona","tag-transito"],"_links":{"self":[{"href":"https:\/\/arroyitoonline.com.ar\/index.php?rest_route=\/wp\/v2\/posts\/4227","targetHints":{"allow":["GET"]}}],"collection":[{"href":"https:\/\/arroyitoonline.com.ar\/index.php?rest_route=\/wp\/v2\/posts"}],"about":[{"href":"https:\/\/arroyitoonline.com.ar\/index.php?rest_route=\/wp\/v2\/types\/post"}],"author":[{"embeddable":true,"href":"https:\/\/arroyitoonline.com.ar\/index.php?rest_route=\/wp\/v2\/users\/3"}],"replies":[{"embeddable":true,"href":"https:\/\/arroyitoonline.com.ar\/index.php?rest_route=%2Fwp%2Fv2%2Fcomments&post=4227"}],"version-history":[{"count":1,"href":"https:\/\/arroyitoonline.com.ar\/index.php?rest_route=\/wp\/v2\/posts\/4227\/revisions"}],"predecessor-version":[{"id":4229,"href":"https:\/\/arroyitoonline.com.ar\/index.php?rest_route=\/wp\/v2\/posts\/4227\/revisions\/4229"}],"wp:featuredmedia":[{"embeddable":true,"href":"https:\/\/arroyitoonline.com.ar\/index.php?rest_route=\/wp\/v2\/media\/4228"}],"wp:attachment":[{"href":"https:\/\/arroyitoonline.com.ar\/index.php?rest_route=%2Fwp%2Fv2%2Fmedia&parent=4227"}],"wp:term":[{"taxonomy":"category","embeddable":true,"href":"https:\/\/arroyitoonline.com.ar\/index.php?rest_route=%2Fwp%2Fv2%2Fcategories&post=4227"},{"taxonomy":"post_tag","embeddable":true,"href":"https:\/\/arroyitoonline.com.ar\/index.php?rest_route=%2Fwp%2Fv2%2Ftags&post=4227"}],"curies":[{"name":"wp","href":"https:\/\/api.w.org\/{rel}","templated":true}]}}