{"id":4238,"date":"2019-06-20T12:27:43","date_gmt":"2019-06-20T12:27:43","guid":{"rendered":"http:\/\/arroyitoonline.com.ar\/?p=4238"},"modified":"2019-06-20T12:27:44","modified_gmt":"2019-06-20T12:27:44","slug":"el-ballet-municipal-otra-vez-semifinalista-en-canal-12","status":"publish","type":"post","link":"https:\/\/arroyitoonline.com.ar\/?p=4238","title":{"rendered":"El Ballet Municipal, otra vez semifinalista en Canal 12"},"content":{"rendered":"\n<p><strong>Esta vez, el elenco dirigido por Viviana Pedernera nos representa con el cuadro &#8220;De hembras y milicos&#8221;, en homenaje a G\u00fcemes.<\/strong><\/p>\n\n\n\n<p>El Ballet Municipal, que dirige Viviana Pedernera,\u00a0est\u00e1 participando, como ya lo hizo en oportunidades anteriores, en el Concurso Solidario organizado por Audiovisi\u00f3n emitido por Canal 12 de C\u00f3rdoba.<\/p>\n\n\n\n<p>En esta oportunidad, los bailarines de Arroyito llevaron un cuadro de folclore titulado \u201cDe hembras y milicos\u201d, aleg\u00f3rico a la fecha de Mart\u00edn Miguel de G\u00fcemes, pasando una vez m\u00e1s, a otra ronda como\u00a0semifinalistas.<\/p>\n\n\n\n<p>Este programa ser\u00e1 emitido el pr\u00f3ximo domingo desde las 18:00 horas, por canal 12. \u00a1Acompa\u00f1emos a nuestros artistas!<\/p>\n\n\n\n<p>Fuente: Prensa Municipal. <\/p>\n","protected":false},"excerpt":{"rendered":"<p>Esta vez, el elenco dirigido por Viviana Pedernera nos representa con el cuadro &#8220;De hembras y milicos&#8221;, en homenaje a&hellip;<\/p>\n","protected":false},"author":3,"featured_media":4239,"comment_status":"closed","ping_status":"open","sticky":false,"template":"","format":"standard","meta":{"footnotes":""},"categories":[2],"tags":[66,67,836,93,259,864,267,572],"class_list":["post-4238","post","type-post","status-publish","format-standard","has-post-thumbnail","hentry","category-cultura-y-espectaculos","tag-arroyito","tag-arroyito-cordoba","tag-arroyito-online","tag-ballet-municipal","tag-cultura","tag-cultura-y-espectaculos-online","tag-danza","tag-noticias-de-arroyito-y-zona"],"_links":{"self":[{"href":"https:\/\/arroyitoonline.com.ar\/index.php?rest_route=\/wp\/v2\/posts\/4238","targetHints":{"allow":["GET"]}}],"collection":[{"href":"https:\/\/arroyitoonline.com.ar\/index.php?rest_route=\/wp\/v2\/posts"}],"about":[{"href":"https:\/\/arroyitoonline.com.ar\/index.php?rest_route=\/wp\/v2\/types\/post"}],"author":[{"embeddable":true,"href":"https:\/\/arroyitoonline.com.ar\/index.php?rest_route=\/wp\/v2\/users\/3"}],"replies":[{"embeddable":true,"href":"https:\/\/arroyitoonline.com.ar\/index.php?rest_route=%2Fwp%2Fv2%2Fcomments&post=4238"}],"version-history":[{"count":1,"href":"https:\/\/arroyitoonline.com.ar\/index.php?rest_route=\/wp\/v2\/posts\/4238\/revisions"}],"predecessor-version":[{"id":4240,"href":"https:\/\/arroyitoonline.com.ar\/index.php?rest_route=\/wp\/v2\/posts\/4238\/revisions\/4240"}],"wp:featuredmedia":[{"embeddable":true,"href":"https:\/\/arroyitoonline.com.ar\/index.php?rest_route=\/wp\/v2\/media\/4239"}],"wp:attachment":[{"href":"https:\/\/arroyitoonline.com.ar\/index.php?rest_route=%2Fwp%2Fv2%2Fmedia&parent=4238"}],"wp:term":[{"taxonomy":"category","embeddable":true,"href":"https:\/\/arroyitoonline.com.ar\/index.php?rest_route=%2Fwp%2Fv2%2Fcategories&post=4238"},{"taxonomy":"post_tag","embeddable":true,"href":"https:\/\/arroyitoonline.com.ar\/index.php?rest_route=%2Fwp%2Fv2%2Ftags&post=4238"}],"curies":[{"name":"wp","href":"https:\/\/api.w.org\/{rel}","templated":true}]}}