{"id":4245,"date":"2019-06-27T22:10:25","date_gmt":"2019-06-27T22:10:25","guid":{"rendered":"http:\/\/arroyitoonline.com.ar\/?p=4245"},"modified":"2019-06-28T03:31:53","modified_gmt":"2019-06-28T03:31:53","slug":"el-domingo-lleva-a-tus-hijos-a-vacunarse-a-la-plaza-25-de-mayo","status":"publish","type":"post","link":"https:\/\/arroyitoonline.com.ar\/?p=4245","title":{"rendered":"El domingo llev\u00e1 a tus hijos a vacunarse a la Plaza 25 de Mayo"},"content":{"rendered":"\n<p><strong>A partir de las 14, y con carnet de vacunaci\u00f3n en mano, se realizar\u00e1 el evento que hab\u00eda sido postergado por mal tiempo. En caso de lluvia se har\u00e1 en el Teatrillo. <\/strong><\/p>\n\n\n\n<p>Despu\u00e9s de su postergaci\u00f3n por mal tiempo, este domingo 30 de junio desde las 14:00 y hasta las 19:00 horas, en la Plaza 25 de mayo, el Hospital Municipal Carlos J. Rodr\u00edguez reeditar\u00e1 el D\u00eda de las vacunas en familia; bajo el slogan &#8220;Si me cuido yo, nos cuidamos todos \u00a1Vacunate y celebremos juntos, un futuro saludable!&#8221;.<\/p>\n\n\n\n<figure class=\"wp-block-image\"><img loading=\"lazy\" decoding=\"async\" width=\"1024\" height=\"682\" src=\"https:\/\/arroyitoonline.com.ar\/wp-content\/uploads\/2019\/06\/d\u00eda-de-las-vacunas-en-familia-1-1024x682.jpg\" alt=\"\" class=\"wp-image-4383\" srcset=\"https:\/\/arroyitoonline.com.ar\/wp-content\/uploads\/2019\/06\/d\u00eda-de-las-vacunas-en-familia-1-1024x682.jpg 1024w, https:\/\/arroyitoonline.com.ar\/wp-content\/uploads\/2019\/06\/d\u00eda-de-las-vacunas-en-familia-1-300x200.jpg 300w, https:\/\/arroyitoonline.com.ar\/wp-content\/uploads\/2019\/06\/d\u00eda-de-las-vacunas-en-familia-1-768x512.jpg 768w, https:\/\/arroyitoonline.com.ar\/wp-content\/uploads\/2019\/06\/d\u00eda-de-las-vacunas-en-familia-1.jpg 1280w\" sizes=\"auto, (max-width: 1024px) 100vw, 1024px\" \/><figcaption><em>Despu\u00e9s de su postergaci\u00f3n por mal tiempo, llega este esperado evento.<\/em><\/figcaption><\/figure>\n\n\n\n<p>Durante la tarde, habr\u00e1 encargados de la salud dispersos en la plaza haciendo el control de las vacunas que necesitan tenerse y, en&nbsp;la Casa de la Cultura, se realizar\u00e1n las aplicaciones de las inmunizaciones. <\/p>\n\n\n\n<p>Mientras se realizan los controles, en el escenario y a lo largo de la plaza habr\u00e1 una excelente propuesta musical, de danza y de deporte representados por distintas disciplinas\u00a0de instituciones de la ciudad. UMIA estar\u00e1 con las bandas ConFusi\u00f3n, REC y Los Motivos del Lobo. Tambi\u00e9n se presentar\u00e1n Pasi\u00f3n Latina, Esc. Superior de Danzas CEFA, Talleres del Ctro. Vecinal Xanaes , Polidertivo Municipal, Taller de Folklore de El Fuertecito, Escuela y Ballet Municipal, clubes y Banda Sinf\u00f3nica Municipal, adem\u00e1s de la colaboraci\u00f3n de los grupos Scouts locales.<\/p>\n\n\n\n<p>En caso de mal tiempo se realizar\u00e1 en el Teatrillo Municipal Jos\u00e9 Francisco Guarch. <\/p>\n\n\n\n<p>Ser\u00e1 una tarde diferente marcada por la recreaci\u00f3n y el cuidado de la salud. <\/p>\n\n\n\n<p>Fuente: Prensa Municipal. <\/p>\n","protected":false},"excerpt":{"rendered":"<p>A partir de las 14, y con carnet de vacunaci\u00f3n en mano, se realizar\u00e1 el evento que hab\u00eda sido postergado&hellip;<\/p>\n","protected":false},"author":3,"featured_media":4139,"comment_status":"closed","ping_status":"open","sticky":false,"template":"","format":"standard","meta":{"footnotes":""},"categories":[9],"tags":[66,67,836,984,426,572,706,790],"class_list":["post-4245","post","type-post","status-publish","format-standard","has-post-thumbnail","hentry","category-infosalud","tag-arroyito","tag-arroyito-cordoba","tag-arroyito-online","tag-dia-de-las-vacunas-en-familia","tag-hospital","tag-noticias-de-arroyito-y-zona","tag-salud","tag-vacunacion"],"_links":{"self":[{"href":"https:\/\/arroyitoonline.com.ar\/index.php?rest_route=\/wp\/v2\/posts\/4245","targetHints":{"allow":["GET"]}}],"collection":[{"href":"https:\/\/arroyitoonline.com.ar\/index.php?rest_route=\/wp\/v2\/posts"}],"about":[{"href":"https:\/\/arroyitoonline.com.ar\/index.php?rest_route=\/wp\/v2\/types\/post"}],"author":[{"embeddable":true,"href":"https:\/\/arroyitoonline.com.ar\/index.php?rest_route=\/wp\/v2\/users\/3"}],"replies":[{"embeddable":true,"href":"https:\/\/arroyitoonline.com.ar\/index.php?rest_route=%2Fwp%2Fv2%2Fcomments&post=4245"}],"version-history":[{"count":6,"href":"https:\/\/arroyitoonline.com.ar\/index.php?rest_route=\/wp\/v2\/posts\/4245\/revisions"}],"predecessor-version":[{"id":4385,"href":"https:\/\/arroyitoonline.com.ar\/index.php?rest_route=\/wp\/v2\/posts\/4245\/revisions\/4385"}],"wp:featuredmedia":[{"embeddable":true,"href":"https:\/\/arroyitoonline.com.ar\/index.php?rest_route=\/wp\/v2\/media\/4139"}],"wp:attachment":[{"href":"https:\/\/arroyitoonline.com.ar\/index.php?rest_route=%2Fwp%2Fv2%2Fmedia&parent=4245"}],"wp:term":[{"taxonomy":"category","embeddable":true,"href":"https:\/\/arroyitoonline.com.ar\/index.php?rest_route=%2Fwp%2Fv2%2Fcategories&post=4245"},{"taxonomy":"post_tag","embeddable":true,"href":"https:\/\/arroyitoonline.com.ar\/index.php?rest_route=%2Fwp%2Fv2%2Ftags&post=4245"}],"curies":[{"name":"wp","href":"https:\/\/api.w.org\/{rel}","templated":true}]}}