{"id":4250,"date":"2019-06-18T13:33:08","date_gmt":"2019-06-18T13:33:08","guid":{"rendered":"http:\/\/arroyitoonline.com.ar\/?p=4250"},"modified":"2019-06-20T13:33:26","modified_gmt":"2019-06-20T13:33:26","slug":"el-coro-de-camara-municipal-participo-de-conciertos-en-la-provincia-de-buenos-aires","status":"publish","type":"post","link":"https:\/\/arroyitoonline.com.ar\/?p=4250","title":{"rendered":"El Coro de C\u00e1mara Municipal particip\u00f3 de conciertos en la provincia de Buenos Aires"},"content":{"rendered":"\n<p><strong>El elenco local se present\u00f3, con el concierto &#8220;Canciones de Ida y Vuelta&#8221;, en la Municipalidad de Lomas de Zamora, en la Bas\u00edlica de Banfield y en el museo Americanista de Ca\u00f1uelas. <\/strong><\/p>\n\n\n\n<p>El s\u00e1bado 15 junio, el Coro de C\u00e1mara Municipal, que dirige el profesor Joel Coronel, viaj\u00f3 con destino a la provincia de Buenos Aires.\u00a0<\/p>\n\n\n\n<p>All\u00ed el elenco local particip\u00f3, en varios municipios, con el concierto llamado &#8220;Canciones de Ida y vuelta&#8221;. Las actuaciones se repitieron en la Municipalidad de Lomas de Zamora, en la Bas\u00edlica de Banfield y en el museo Americanista de Ca\u00f1uelas.<\/p>\n\n\n\n<p>Los anfitriones brindaron hospedaje, desayuno, almuerzo, merienda y cena para todos los coreutas, ya que en el 2018, los bonaerenses recibieron la misma atenci\u00f3n en nuestra ciudad cubriendo en Casa de Cultura, todas sus necesidades, para su participaci\u00f3n en el 1er Arroyito Coral, donde se presentaron la Banda Sinf\u00f3nica, un cuarteto de cuerdas y dos coros de estas localidades, completando un Concierto inolvidable.<\/p>\n\n\n\n<p>Adem\u00e1s, los coros bonaerenses consiguieron sin cargo, un Taller de t\u00e9cnicas de Canto con el tenor solista del Teatro Col\u00f3n, Prof. Rodrigo Delalo.\u00a0<\/p>\n\n\n\n<p><em>&#8220;Una experiencia enriquecedora y llena de emociones, donde nuestros coreutas dejaron plasmada una conducta ejemplar en todo su desenvolvimiento coral y humano&#8221;<\/em>, se\u00f1alaron desde la direcci\u00f3n de Cultura. Por su parte, el Ejecutivo envi\u00f3 sus felicitaciones. <\/p>\n\n\n\n<p>Fuente: Prensa Municipal. <\/p>\n","protected":false},"excerpt":{"rendered":"<p>El elenco local se present\u00f3, con el concierto &#8220;Canciones de Ida y Vuelta&#8221;, en la Municipalidad de Lomas de Zamora,&hellip;<\/p>\n","protected":false},"author":3,"featured_media":4251,"comment_status":"closed","ping_status":"open","sticky":false,"template":"","format":"standard","meta":{"footnotes":""},"categories":[2],"tags":[66,67,836,975,259,864,572],"class_list":["post-4250","post","type-post","status-publish","format-standard","has-post-thumbnail","hentry","category-cultura-y-espectaculos","tag-arroyito","tag-arroyito-cordoba","tag-arroyito-online","tag-coro-de-camara","tag-cultura","tag-cultura-y-espectaculos-online","tag-noticias-de-arroyito-y-zona"],"_links":{"self":[{"href":"https:\/\/arroyitoonline.com.ar\/index.php?rest_route=\/wp\/v2\/posts\/4250","targetHints":{"allow":["GET"]}}],"collection":[{"href":"https:\/\/arroyitoonline.com.ar\/index.php?rest_route=\/wp\/v2\/posts"}],"about":[{"href":"https:\/\/arroyitoonline.com.ar\/index.php?rest_route=\/wp\/v2\/types\/post"}],"author":[{"embeddable":true,"href":"https:\/\/arroyitoonline.com.ar\/index.php?rest_route=\/wp\/v2\/users\/3"}],"replies":[{"embeddable":true,"href":"https:\/\/arroyitoonline.com.ar\/index.php?rest_route=%2Fwp%2Fv2%2Fcomments&post=4250"}],"version-history":[{"count":1,"href":"https:\/\/arroyitoonline.com.ar\/index.php?rest_route=\/wp\/v2\/posts\/4250\/revisions"}],"predecessor-version":[{"id":4252,"href":"https:\/\/arroyitoonline.com.ar\/index.php?rest_route=\/wp\/v2\/posts\/4250\/revisions\/4252"}],"wp:featuredmedia":[{"embeddable":true,"href":"https:\/\/arroyitoonline.com.ar\/index.php?rest_route=\/wp\/v2\/media\/4251"}],"wp:attachment":[{"href":"https:\/\/arroyitoonline.com.ar\/index.php?rest_route=%2Fwp%2Fv2%2Fmedia&parent=4250"}],"wp:term":[{"taxonomy":"category","embeddable":true,"href":"https:\/\/arroyitoonline.com.ar\/index.php?rest_route=%2Fwp%2Fv2%2Fcategories&post=4250"},{"taxonomy":"post_tag","embeddable":true,"href":"https:\/\/arroyitoonline.com.ar\/index.php?rest_route=%2Fwp%2Fv2%2Ftags&post=4250"}],"curies":[{"name":"wp","href":"https:\/\/api.w.org\/{rel}","templated":true}]}}