{"id":4276,"date":"2019-06-23T15:35:29","date_gmt":"2019-06-23T15:35:29","guid":{"rendered":"http:\/\/arroyitoonline.com.ar\/?p=4276"},"modified":"2019-06-23T15:36:08","modified_gmt":"2019-06-23T15:36:08","slug":"se-postergo-el-dia-de-las-vacunas-en-familia","status":"publish","type":"post","link":"https:\/\/arroyitoonline.com.ar\/?p=4276","title":{"rendered":"Se posterg\u00f3 el D\u00eda de las Vacunas en Familia"},"content":{"rendered":"\n<p><strong>La decisi\u00f3n, tomada por las directoras del Hospital y de Cultura, responde a las inclemencias del tiempo, que se presenta inestable siendo un impedimento para el armado del sonido. <\/strong><\/p>\n\n\n\n<p>Hace minutos, el Municipio emiti\u00f3 un comunicado explicando que ha suspendido el D\u00eda de las Vacunas en Familia. El evento, que iba a realizarse desde las 14:00 horas en la Plaza 25 de Mayo, se concretar\u00e1 el pr\u00f3ximo domingo 30 de junio, en lugar a confirmarse. <\/p>\n\n\n\n<p>La decisi\u00f3n fue tomada por la directora del Hospital Municipal Carlos J. Rodr\u00edguez, M\u00f3nica Rodr\u00edguez, juntamente con su par de Cultura, Viviana Sam Sam, motivada por las inclemencias del tiempo, que se presenta inestable, h\u00famedo y neblinoso, por lo que no pueden ser armados ni el sonido ni los instrumentos de las bandas invitadas. <\/p>\n\n\n\n<p>En los d\u00edas venideros se conocer\u00e1n los detalles sobre esta esperada jornada, que pretende que los vecinos de Arroyito se salvaguarden de las enfermedades, con la colocaci\u00f3n de las dosis de vacunas correspondientes a cada franja etaria y grupos de riesgo. <\/p>\n\n\n\n<p><\/p>\n","protected":false},"excerpt":{"rendered":"<p>La decisi\u00f3n, tomada por las directoras del Hospital y de Cultura, responde a las inclemencias del tiempo, que se presenta&hellip;<\/p>\n","protected":false},"author":3,"featured_media":4139,"comment_status":"closed","ping_status":"open","sticky":false,"template":"","format":"standard","meta":{"footnotes":""},"categories":[9],"tags":[158,984,426,512,868,555,556,706,789,790],"class_list":["post-4276","post","type-post","status-publish","format-standard","has-post-thumbnail","hentry","category-infosalud","tag-casa-de-la-cultura","tag-dia-de-las-vacunas-en-familia","tag-hospital","tag-mal-tiempo","tag-municipales-online","tag-municipalidad","tag-municipalidad-de-arroyito","tag-salud","tag-vacuna-antigripal","tag-vacunacion"],"_links":{"self":[{"href":"https:\/\/arroyitoonline.com.ar\/index.php?rest_route=\/wp\/v2\/posts\/4276","targetHints":{"allow":["GET"]}}],"collection":[{"href":"https:\/\/arroyitoonline.com.ar\/index.php?rest_route=\/wp\/v2\/posts"}],"about":[{"href":"https:\/\/arroyitoonline.com.ar\/index.php?rest_route=\/wp\/v2\/types\/post"}],"author":[{"embeddable":true,"href":"https:\/\/arroyitoonline.com.ar\/index.php?rest_route=\/wp\/v2\/users\/3"}],"replies":[{"embeddable":true,"href":"https:\/\/arroyitoonline.com.ar\/index.php?rest_route=%2Fwp%2Fv2%2Fcomments&post=4276"}],"version-history":[{"count":2,"href":"https:\/\/arroyitoonline.com.ar\/index.php?rest_route=\/wp\/v2\/posts\/4276\/revisions"}],"predecessor-version":[{"id":4278,"href":"https:\/\/arroyitoonline.com.ar\/index.php?rest_route=\/wp\/v2\/posts\/4276\/revisions\/4278"}],"wp:featuredmedia":[{"embeddable":true,"href":"https:\/\/arroyitoonline.com.ar\/index.php?rest_route=\/wp\/v2\/media\/4139"}],"wp:attachment":[{"href":"https:\/\/arroyitoonline.com.ar\/index.php?rest_route=%2Fwp%2Fv2%2Fmedia&parent=4276"}],"wp:term":[{"taxonomy":"category","embeddable":true,"href":"https:\/\/arroyitoonline.com.ar\/index.php?rest_route=%2Fwp%2Fv2%2Fcategories&post=4276"},{"taxonomy":"post_tag","embeddable":true,"href":"https:\/\/arroyitoonline.com.ar\/index.php?rest_route=%2Fwp%2Fv2%2Ftags&post=4276"}],"curies":[{"name":"wp","href":"https:\/\/api.w.org\/{rel}","templated":true}]}}