{"id":4285,"date":"2019-06-23T16:42:12","date_gmt":"2019-06-23T16:42:12","guid":{"rendered":"http:\/\/arroyitoonline.com.ar\/?p=4285"},"modified":"2019-06-23T16:42:15","modified_gmt":"2019-06-23T16:42:15","slug":"joven-de-arroyito-seguira-preso-en-bouwer-por-narcomenudeo","status":"publish","type":"post","link":"https:\/\/arroyitoonline.com.ar\/?p=4285","title":{"rendered":"Joven de Arroyito seguir\u00e1 preso en Bouwer por narcomenudeo"},"content":{"rendered":"\n<p><strong>El detenido, de 25 a\u00f1os, hab\u00eda sido arrestado por personal de la FPA, que le incaut\u00f3 adem\u00e1s dos armas de fuego. <\/strong><\/p>\n\n\n\n<p>El fiscal del Fuero Provincial Antinarcotr\u00e1fico, Bernardo Alberione, indag\u00f3 el viernes a un joven de Arroyito, Emiliano Zanelatto (25), detenido en un procedimiento de la Fuerza Policial Antinarcotr\u00e1fico (FPA) que adem\u00e1s de secuestrar estupefaciente, le incaut\u00f3 dos armas de fuego.<\/p>\n\n\n\n<p>Zanelatto, defendido por el abogado Guillermo Flores, se encuentra imputado como supuesto autor de &#8220;comercializaci\u00f3n de estupefaciente agravado por la venta a un menor y tenencia ilegal de armas de fuego&#8221;.<\/p>\n\n\n\n<p>Anteayer el imputado neg\u00f3 toda participaci\u00f3n en el hecho del que se lo acusa pero, tras la indagatoria, el fiscal decidi\u00f3 que contin\u00fae detenido. Al respecto, el defensor adelant\u00f3 que la semana pr\u00f3xima presentar\u00e1 un pedido formal de excarcelaci\u00f3n.<\/p>\n\n\n\n<p>Zanelatto qued\u00f3 detenido en el marco de un operativo realizado por la FPA en la vivienda de calle Rafael Bianchi al 1000, donde reside. All\u00ed se procedi\u00f3 al secuestro, entre otras cosas, de 300 dosis de marihuana lo que totaliz\u00f3 unos 350 gramos y dos peque\u00f1os envoltorios de coca\u00edna (dos gramos).<\/p>\n\n\n\n<p>En el lugar se secuestraron adem\u00e1s un rev\u00f3lver calibre 32 con ca\u00f1o y cuerpo cromado y una carabina calibre 22, adem\u00e1s de proyectiles calibre nueve mil\u00edmetros, sin la documentaci\u00f3n que justifique su tenencia.<\/p>\n\n\n\n<p>El joven se encuentra alojado en la c\u00e1rcel de Bouwer, en la ciudad de C\u00f3rdoba.<\/p>\n\n\n\n<p>Fuente: La Voz de San Justo. <\/p>\n\n\n\n<p>Foto: La Voz. <\/p>\n","protected":false},"excerpt":{"rendered":"<p>El detenido, de 25 a\u00f1os, hab\u00eda sido arrestado por personal de la FPA, que le incaut\u00f3 adem\u00e1s dos armas de&hellip;<\/p>\n","protected":false},"author":3,"featured_media":4286,"comment_status":"closed","ping_status":"open","sticky":false,"template":"","format":"standard","meta":{"footnotes":""},"categories":[824],"tags":[66,67,836,154,285,303,386,565,572,635,637,638,825],"class_list":["post-4285","post","type-post","status-publish","format-standard","has-post-thumbnail","hentry","category-policiales-online","tag-arroyito","tag-arroyito-cordoba","tag-arroyito-online","tag-carcel","tag-detencion","tag-drogas","tag-fpa","tag-narcotrafico","tag-noticias-de-arroyito-y-zona","tag-policia","tag-policiales","tag-policiales-arroyito","tag-policiales-online"],"_links":{"self":[{"href":"https:\/\/arroyitoonline.com.ar\/index.php?rest_route=\/wp\/v2\/posts\/4285","targetHints":{"allow":["GET"]}}],"collection":[{"href":"https:\/\/arroyitoonline.com.ar\/index.php?rest_route=\/wp\/v2\/posts"}],"about":[{"href":"https:\/\/arroyitoonline.com.ar\/index.php?rest_route=\/wp\/v2\/types\/post"}],"author":[{"embeddable":true,"href":"https:\/\/arroyitoonline.com.ar\/index.php?rest_route=\/wp\/v2\/users\/3"}],"replies":[{"embeddable":true,"href":"https:\/\/arroyitoonline.com.ar\/index.php?rest_route=%2Fwp%2Fv2%2Fcomments&post=4285"}],"version-history":[{"count":1,"href":"https:\/\/arroyitoonline.com.ar\/index.php?rest_route=\/wp\/v2\/posts\/4285\/revisions"}],"predecessor-version":[{"id":4287,"href":"https:\/\/arroyitoonline.com.ar\/index.php?rest_route=\/wp\/v2\/posts\/4285\/revisions\/4287"}],"wp:featuredmedia":[{"embeddable":true,"href":"https:\/\/arroyitoonline.com.ar\/index.php?rest_route=\/wp\/v2\/media\/4286"}],"wp:attachment":[{"href":"https:\/\/arroyitoonline.com.ar\/index.php?rest_route=%2Fwp%2Fv2%2Fmedia&parent=4285"}],"wp:term":[{"taxonomy":"category","embeddable":true,"href":"https:\/\/arroyitoonline.com.ar\/index.php?rest_route=%2Fwp%2Fv2%2Fcategories&post=4285"},{"taxonomy":"post_tag","embeddable":true,"href":"https:\/\/arroyitoonline.com.ar\/index.php?rest_route=%2Fwp%2Fv2%2Ftags&post=4285"}],"curies":[{"name":"wp","href":"https:\/\/api.w.org\/{rel}","templated":true}]}}