{"id":4292,"date":"2019-06-21T17:57:11","date_gmt":"2019-06-21T17:57:11","guid":{"rendered":"http:\/\/arroyitoonline.com.ar\/?p=4292"},"modified":"2019-06-23T18:10:35","modified_gmt":"2019-06-23T18:10:35","slug":"arroyito-le-rindio-tributo-a-la-bandera-nacional","status":"publish","type":"post","link":"https:\/\/arroyitoonline.com.ar\/?p=4292","title":{"rendered":"Arroyito le rindi\u00f3 tributo a la Bandera Nacional"},"content":{"rendered":"\n<p><strong>Las escuelas Jos\u00e9 Mar\u00eda Paz y Manuel Belgrano, junto al Jard\u00edn Leopoldo Lugones, organizaron este acto donde alumnos de 4\u00ba grado de ambas instituciones hicieron la promesa a la ense\u00f1a patria. <\/strong><\/p>\n\n\n\n<p>El jueves 20, sobre la calle Rivadavia, se desarroll\u00f3 el acto del D\u00eda de la Bandera, organizado por las escuelas Manuel Belgrano y Jos\u00e9 Mar\u00eda Paz junto al Jard\u00edn de Infantes Leopoldo Lugones, en el marco del 150\u00ba Aniversario de las dos instituciones educativas de Nivel Primario. <\/p>\n\n\n\n<p>En primer t\u00e9rmino, se realiz\u00f3 la recepci\u00f3n a las autoridades: el intendente Mauricio Cravero, la viceintendente Graciela Tristany, el secretario de Obras P\u00fablicas Daniel Lafarina, la directora de Cultura Viviana Sam Sam, el director de Deportes Gustavo Pecchio, la directora de Tr\u00e1nsito Cintia Bruera, concejales, ciudadanas Ilustres,\u00a0excombatientes del Centro de Veteranos de Guerra Circuito Arroyito, Bomberos,\u00a0adem\u00e1s de autoridades de Inspecciones T\u00e9cnicas, Educativas, instituciones intermedias, alumnos y p\u00fablico en general.<\/p>\n\n\n\n<p>En la oportunidad, Cravero dirigi\u00f3 unas palabras a los alumnos de 4\u00ba grado de las dos entidades educativas que realizaron la promesa a la Bandera, los felicit\u00f3 y les pidi\u00f3 el compromiso de que trabajen siempre por nuestra patria.\u00a0<\/p>\n\n\n\n<p>Un 20 de junio de 1820, hace 198 a\u00f1os, en la ciudad de Buenos Aires, fallec\u00eda Manuel Belgrano, el creador de la ense\u00f1a patria.\u00a0<\/p>\n\n\n\n<p>El 8 de junio de 1938, el Congreso de la Naci\u00f3n, por Ley Nacional N\u00b0 12.361, estableci\u00f3 el 20 de junio como \u201cD\u00eda de la Bandera\u201d, por ser el aniversario de fallecimiento del Gral. Manuel Belgrano. Un s\u00edmbolo patrio que resume lo que fuimos, lo que somos, lo que queremos como pueblo y como naci\u00f3n.\u00a0<\/p>\n\n\n\n<p>En la ocasi\u00f3n, alumnos de jornada extendida de la Escuela Manuel Belgrano y ni\u00f1os del Jard\u00edn Leopoldo Lugones, realizaron distintas obras en alusi\u00f3n a la historia del creador.\u00a0<\/p>\n\n\n\n<p>Fuente: Prensa Municipal. <\/p>\n","protected":false},"excerpt":{"rendered":"<p>Las escuelas Jos\u00e9 Mar\u00eda Paz y Manuel Belgrano, junto al Jard\u00edn Leopoldo Lugones, organizaron este acto donde alumnos de 4\u00ba&hellip;<\/p>\n","protected":false},"author":3,"featured_media":4293,"comment_status":"closed","ping_status":"open","sticky":false,"template":"","format":"standard","meta":{"footnotes":""},"categories":[2,830],"tags":[66,67,836,100,259,864,310,339,345,346,348,467,572],"class_list":["post-4292","post","type-post","status-publish","format-standard","has-post-thumbnail","hentry","category-cultura-y-espectaculos","category-educacion-online","tag-arroyito","tag-arroyito-cordoba","tag-arroyito-online","tag-bandera","tag-cultura","tag-cultura-y-espectaculos-online","tag-educacion","tag-escuela","tag-escuela-jose-maria-paz","tag-escuela-manuel-belgrano","tag-escuelas","tag-jardin-leopoldo-lugones","tag-noticias-de-arroyito-y-zona"],"_links":{"self":[{"href":"https:\/\/arroyitoonline.com.ar\/index.php?rest_route=\/wp\/v2\/posts\/4292","targetHints":{"allow":["GET"]}}],"collection":[{"href":"https:\/\/arroyitoonline.com.ar\/index.php?rest_route=\/wp\/v2\/posts"}],"about":[{"href":"https:\/\/arroyitoonline.com.ar\/index.php?rest_route=\/wp\/v2\/types\/post"}],"author":[{"embeddable":true,"href":"https:\/\/arroyitoonline.com.ar\/index.php?rest_route=\/wp\/v2\/users\/3"}],"replies":[{"embeddable":true,"href":"https:\/\/arroyitoonline.com.ar\/index.php?rest_route=%2Fwp%2Fv2%2Fcomments&post=4292"}],"version-history":[{"count":1,"href":"https:\/\/arroyitoonline.com.ar\/index.php?rest_route=\/wp\/v2\/posts\/4292\/revisions"}],"predecessor-version":[{"id":4294,"href":"https:\/\/arroyitoonline.com.ar\/index.php?rest_route=\/wp\/v2\/posts\/4292\/revisions\/4294"}],"wp:featuredmedia":[{"embeddable":true,"href":"https:\/\/arroyitoonline.com.ar\/index.php?rest_route=\/wp\/v2\/media\/4293"}],"wp:attachment":[{"href":"https:\/\/arroyitoonline.com.ar\/index.php?rest_route=%2Fwp%2Fv2%2Fmedia&parent=4292"}],"wp:term":[{"taxonomy":"category","embeddable":true,"href":"https:\/\/arroyitoonline.com.ar\/index.php?rest_route=%2Fwp%2Fv2%2Fcategories&post=4292"},{"taxonomy":"post_tag","embeddable":true,"href":"https:\/\/arroyitoonline.com.ar\/index.php?rest_route=%2Fwp%2Fv2%2Ftags&post=4292"}],"curies":[{"name":"wp","href":"https:\/\/api.w.org\/{rel}","templated":true}]}}