{"id":4295,"date":"2019-06-23T18:17:09","date_gmt":"2019-06-23T18:17:09","guid":{"rendered":"http:\/\/arroyitoonline.com.ar\/?p=4295"},"modified":"2019-06-23T18:17:38","modified_gmt":"2019-06-23T18:17:38","slug":"construyen-cordon-cuneta-en-la-av-gregorio-careto","status":"publish","type":"post","link":"https:\/\/arroyitoonline.com.ar\/?p=4295","title":{"rendered":"Construyen cord\u00f3n cuneta en la Av. Gregorio Careto"},"content":{"rendered":"\n<p><strong>Se ejecuta el cantero central de esa calle del sector sur, que se complementar\u00e1 con alumbrado y arbolado, d\u00e1ndole perfil de boulevard.<\/strong><\/p>\n\n\n\n<p>La secretar\u00eda municipal de Obras P\u00fablicas se encuentra trabajando en la construcci\u00f3n de 250 metros cuadrados de cord\u00f3n cuneta de hormig\u00f3n con cord\u00f3n armado de 18 cent\u00edmetros de espesor.\u00a0<\/p>\n\n\n\n<p>Se trata de la conformaci\u00f3n del cantero central de la avenida Gregorio Careto, entre las calle Falucho y P\u00edndaro Ludue\u00f1a.<\/p>\n\n\n\n<p>Es una obra postergada y anhelada por los vecinos del sector sur, que permitir\u00e1 el ordenamiento urban\u00edstico de esa arteria, con alumbrado y arbolado p\u00fablico conformando el perfil t\u00edpico de boulevard; y que tambi\u00e9n facilitar\u00e1 las tareas de mantenimiento de la calzada hasta tanto se materialice el pavimento.<\/p>\n\n\n\n<p>Fuente: Prensa Municipal. <\/p>\n","protected":false},"excerpt":{"rendered":"<p>Se ejecuta el cantero central de esa calle del sector sur, que se complementar\u00e1 con alumbrado y arbolado, d\u00e1ndole perfil&hellip;<\/p>\n","protected":false},"author":3,"featured_media":4296,"comment_status":"closed","ping_status":"open","sticky":false,"template":"","format":"standard","meta":{"footnotes":""},"categories":[829],"tags":[66,67,836,837,868,555,556,572,578],"class_list":["post-4295","post","type-post","status-publish","format-standard","has-post-thumbnail","hentry","category-municipales-online","tag-arroyito","tag-arroyito-cordoba","tag-arroyito-online","tag-lafarina","tag-municipales-online","tag-municipalidad","tag-municipalidad-de-arroyito","tag-noticias-de-arroyito-y-zona","tag-obras-publicas"],"_links":{"self":[{"href":"https:\/\/arroyitoonline.com.ar\/index.php?rest_route=\/wp\/v2\/posts\/4295","targetHints":{"allow":["GET"]}}],"collection":[{"href":"https:\/\/arroyitoonline.com.ar\/index.php?rest_route=\/wp\/v2\/posts"}],"about":[{"href":"https:\/\/arroyitoonline.com.ar\/index.php?rest_route=\/wp\/v2\/types\/post"}],"author":[{"embeddable":true,"href":"https:\/\/arroyitoonline.com.ar\/index.php?rest_route=\/wp\/v2\/users\/3"}],"replies":[{"embeddable":true,"href":"https:\/\/arroyitoonline.com.ar\/index.php?rest_route=%2Fwp%2Fv2%2Fcomments&post=4295"}],"version-history":[{"count":2,"href":"https:\/\/arroyitoonline.com.ar\/index.php?rest_route=\/wp\/v2\/posts\/4295\/revisions"}],"predecessor-version":[{"id":4298,"href":"https:\/\/arroyitoonline.com.ar\/index.php?rest_route=\/wp\/v2\/posts\/4295\/revisions\/4298"}],"wp:featuredmedia":[{"embeddable":true,"href":"https:\/\/arroyitoonline.com.ar\/index.php?rest_route=\/wp\/v2\/media\/4296"}],"wp:attachment":[{"href":"https:\/\/arroyitoonline.com.ar\/index.php?rest_route=%2Fwp%2Fv2%2Fmedia&parent=4295"}],"wp:term":[{"taxonomy":"category","embeddable":true,"href":"https:\/\/arroyitoonline.com.ar\/index.php?rest_route=%2Fwp%2Fv2%2Fcategories&post=4295"},{"taxonomy":"post_tag","embeddable":true,"href":"https:\/\/arroyitoonline.com.ar\/index.php?rest_route=%2Fwp%2Fv2%2Ftags&post=4295"}],"curies":[{"name":"wp","href":"https:\/\/api.w.org\/{rel}","templated":true}]}}