{"id":4299,"date":"2019-06-24T02:53:53","date_gmt":"2019-06-24T02:53:53","guid":{"rendered":"http:\/\/arroyitoonline.com.ar\/?p=4299"},"modified":"2019-06-24T02:53:56","modified_gmt":"2019-06-24T02:53:56","slug":"finalizo-la-5a-campana-raees","status":"publish","type":"post","link":"https:\/\/arroyitoonline.com.ar\/?p=4299","title":{"rendered":"Finaliz\u00f3 la 5\u00aa Campa\u00f1a RAEEs"},"content":{"rendered":"\n<p><strong>Esta vez, el Municipio recolect\u00f3 20 metros c\u00fabicos de residuos de aparatos el\u00e9ctricos y electr\u00f3nicos en desuso, a trav\u00e9s de los distintos puntos de acopio.<\/strong><\/p>\n\n\n\n<p>Con \u00e9xito y una elevada participaci\u00f3n de la sociedad, el viernes pasado finaliz\u00f3 la 5\u00aa Campa\u00f1a RAEEs. Desarrollada durante la semana del 18 al 21 de junio 2019, tuvo como prop\u00f3sito la sensibilizaci\u00f3n y ayuda, para la toma de conciencia sobre la importancia del adecuado tratamiento y destino de los aparatos el\u00e9ctricos y electr\u00f3nicos en desuso.<\/p>\n\n\n\n<p>En esta oportunidad, el Municipio junt\u00f3 20 metros c\u00fabicos de residuos en cuatro d\u00edas intensivos de recolecci\u00f3n, a trav\u00e9s de los diferentes puntos de recepci\u00f3n de los aparatos el\u00e9ctricos y electr\u00f3nicos en desuso: IPEM N\u00ba 329, Esc. Dr. Dalmacio V\u00e9lez Sarsfield, Esc. Mar\u00eda Teresa Navarro, Ipetaym N\u00ba 68 e Instituto Ntra. Sra. De la Merced. Tambi\u00e9n funcionaron como centros de acopio, los parajes La Curva y El&nbsp; Fuertecito.<\/p>\n\n\n\n<p><em>&#8220;Generar conciencia ecol\u00f3gica es una tarea fundamental que tenemos que llevar adelante todos los actores de esta sociedad, para dejar el d\u00eda de ma\u00f1ana, un ambiente cada vez m\u00e1s favorable a las generaciones venideras&#8221;<\/em>, se\u00f1alaron desde la actual gesti\u00f3n de gobierno.<\/p>\n\n\n\n<p>Fuente: Prensa Municipal. <\/p>\n","protected":false},"excerpt":{"rendered":"<p>Esta vez, el Municipio recolect\u00f3 20 metros c\u00fabicos de residuos de aparatos el\u00e9ctricos y electr\u00f3nicos en desuso, a trav\u00e9s de&hellip;<\/p>\n","protected":false},"author":3,"featured_media":4301,"comment_status":"closed","ping_status":"open","sticky":false,"template":"","format":"standard","meta":{"footnotes":""},"categories":[913],"tags":[66,67,836,258,315,888,348,450,461,462,483,522,528,555,556,572,671,675],"class_list":["post-4299","post","type-post","status-publish","format-standard","has-post-thumbnail","hentry","category-medio-ambiente","tag-arroyito","tag-arroyito-cordoba","tag-arroyito-online","tag-cuidado-del-medio-ambiente","tag-el-fuertecito","tag-escuela-dr-dalmacio-velez-sarsfield","tag-escuelas","tag-instituto-nuestra-senora-de-la-merced","tag-ipem-329","tag-ipetaym-68","tag-la-curva","tag-maria-teresa-navarro","tag-medio-ambiente","tag-municipalidad","tag-municipalidad-de-arroyito","tag-noticias-de-arroyito-y-zona","tag-raees","tag-recoleccion-de-residuos"],"_links":{"self":[{"href":"https:\/\/arroyitoonline.com.ar\/index.php?rest_route=\/wp\/v2\/posts\/4299","targetHints":{"allow":["GET"]}}],"collection":[{"href":"https:\/\/arroyitoonline.com.ar\/index.php?rest_route=\/wp\/v2\/posts"}],"about":[{"href":"https:\/\/arroyitoonline.com.ar\/index.php?rest_route=\/wp\/v2\/types\/post"}],"author":[{"embeddable":true,"href":"https:\/\/arroyitoonline.com.ar\/index.php?rest_route=\/wp\/v2\/users\/3"}],"replies":[{"embeddable":true,"href":"https:\/\/arroyitoonline.com.ar\/index.php?rest_route=%2Fwp%2Fv2%2Fcomments&post=4299"}],"version-history":[{"count":2,"href":"https:\/\/arroyitoonline.com.ar\/index.php?rest_route=\/wp\/v2\/posts\/4299\/revisions"}],"predecessor-version":[{"id":4302,"href":"https:\/\/arroyitoonline.com.ar\/index.php?rest_route=\/wp\/v2\/posts\/4299\/revisions\/4302"}],"wp:featuredmedia":[{"embeddable":true,"href":"https:\/\/arroyitoonline.com.ar\/index.php?rest_route=\/wp\/v2\/media\/4301"}],"wp:attachment":[{"href":"https:\/\/arroyitoonline.com.ar\/index.php?rest_route=%2Fwp%2Fv2%2Fmedia&parent=4299"}],"wp:term":[{"taxonomy":"category","embeddable":true,"href":"https:\/\/arroyitoonline.com.ar\/index.php?rest_route=%2Fwp%2Fv2%2Fcategories&post=4299"},{"taxonomy":"post_tag","embeddable":true,"href":"https:\/\/arroyitoonline.com.ar\/index.php?rest_route=%2Fwp%2Fv2%2Ftags&post=4299"}],"curies":[{"name":"wp","href":"https:\/\/api.w.org\/{rel}","templated":true}]}}