{"id":4309,"date":"2019-06-23T21:54:06","date_gmt":"2019-06-23T21:54:06","guid":{"rendered":"http:\/\/arroyitoonline.com.ar\/?p=4309"},"modified":"2019-06-24T03:59:44","modified_gmt":"2019-06-24T03:59:44","slug":"quedo-detenido-porque-circulaba-en-una-moto-robada","status":"publish","type":"post","link":"https:\/\/arroyitoonline.com.ar\/?p=4309","title":{"rendered":"Qued\u00f3 detenido porque circulaba en una moto robada"},"content":{"rendered":"\n<p><strong>Fue en la madrugada de este domingo. El joven (20) fue aprehendido por supuesto autor de encubrimiento. <\/strong><\/p>\n\n\n\n<p>Este domingo a las 4:40 horas, personal policial detuvo la marcha de una motocicleta en la intersecci\u00f3n de avenida Fulvio Pagani y Lavalle.<\/p>\n\n\n\n<p>En el rodado andaba un joven de 20 a\u00f1os acompa\u00f1ado\npor una chica de 18. A continuaci\u00f3n, los uniformados le solicitaron al\nconductor la documentaci\u00f3n de la moto refiriendo \u00e9ste no tenerla.<\/p>\n\n\n\n<p>Ante tal situaci\u00f3n se consult\u00f3 por sistema el\nestado del veh\u00edculo logrando establecerse que presentaba un pedido de secuestro\npor robo.<\/p>\n\n\n\n<p>En tanto que el motociclista qued\u00f3 detenido\npor supuesto autor de encubrimiento, a disposici\u00f3n de la Fiscal\u00eda de Instrucci\u00f3n\nde Arroyito. <\/p>\n\n\n\n<p>Fuente:\ninforme del comisario Inspector Pablo Berardo.<\/p>\n","protected":false},"excerpt":{"rendered":"<p>Fue en la madrugada de este domingo. El joven (20) fue aprehendido por supuesto autor de encubrimiento. Este domingo a&hellip;<\/p>\n","protected":false},"author":3,"featured_media":2730,"comment_status":"closed","ping_status":"open","sticky":false,"template":"","format":"standard","meta":{"footnotes":""},"categories":[824],"tags":[66,67,836,547,571,572,635,637,638,825,693],"class_list":["post-4309","post","type-post","status-publish","format-standard","has-post-thumbnail","hentry","category-policiales-online","tag-arroyito","tag-arroyito-cordoba","tag-arroyito-online","tag-motos","tag-noticia","tag-noticias-de-arroyito-y-zona","tag-policia","tag-policiales","tag-policiales-arroyito","tag-policiales-online","tag-robo"],"_links":{"self":[{"href":"https:\/\/arroyitoonline.com.ar\/index.php?rest_route=\/wp\/v2\/posts\/4309","targetHints":{"allow":["GET"]}}],"collection":[{"href":"https:\/\/arroyitoonline.com.ar\/index.php?rest_route=\/wp\/v2\/posts"}],"about":[{"href":"https:\/\/arroyitoonline.com.ar\/index.php?rest_route=\/wp\/v2\/types\/post"}],"author":[{"embeddable":true,"href":"https:\/\/arroyitoonline.com.ar\/index.php?rest_route=\/wp\/v2\/users\/3"}],"replies":[{"embeddable":true,"href":"https:\/\/arroyitoonline.com.ar\/index.php?rest_route=%2Fwp%2Fv2%2Fcomments&post=4309"}],"version-history":[{"count":1,"href":"https:\/\/arroyitoonline.com.ar\/index.php?rest_route=\/wp\/v2\/posts\/4309\/revisions"}],"predecessor-version":[{"id":4310,"href":"https:\/\/arroyitoonline.com.ar\/index.php?rest_route=\/wp\/v2\/posts\/4309\/revisions\/4310"}],"wp:featuredmedia":[{"embeddable":true,"href":"https:\/\/arroyitoonline.com.ar\/index.php?rest_route=\/wp\/v2\/media\/2730"}],"wp:attachment":[{"href":"https:\/\/arroyitoonline.com.ar\/index.php?rest_route=%2Fwp%2Fv2%2Fmedia&parent=4309"}],"wp:term":[{"taxonomy":"category","embeddable":true,"href":"https:\/\/arroyitoonline.com.ar\/index.php?rest_route=%2Fwp%2Fv2%2Fcategories&post=4309"},{"taxonomy":"post_tag","embeddable":true,"href":"https:\/\/arroyitoonline.com.ar\/index.php?rest_route=%2Fwp%2Fv2%2Ftags&post=4309"}],"curies":[{"name":"wp","href":"https:\/\/api.w.org\/{rel}","templated":true}]}}