{"id":4325,"date":"2019-06-24T19:00:30","date_gmt":"2019-06-24T19:00:30","guid":{"rendered":"http:\/\/arroyitoonline.com.ar\/?p=4325"},"modified":"2019-06-25T02:30:26","modified_gmt":"2019-06-25T02:30:26","slug":"llega-a-arroyito-una-charla-sobre-sensibilizacion-en-genero-y-diversidad-sexual","status":"publish","type":"post","link":"https:\/\/arroyitoonline.com.ar\/?p=4325","title":{"rendered":"Llega a Arroyito una charla sobre Sensibilizaci\u00f3n en G\u00e9nero y diversidad sexual"},"content":{"rendered":"\n<p><strong>El encuentro fue gestionado en el marco de una reuni\u00f3n desarrollada en la ciudad de C\u00f3rdoba, de la que participaron representantes del Municipio local. <\/strong><\/p>\n\n\n\n<p>El pasado mi\u00e9rcoles 19 de junio, en la ciudad de C\u00f3rdoba, se realiz\u00f3 una reuni\u00f3n coordinada por la licenciada Gabriela Correas y Santiago Orsi. Ambos pertenecen a las \u00e1reas de Fortalecimiento del Derecho de las Mujeres y de Diversidad Sexual de la provincia de C\u00f3rdoba, dependientes del Ministerio de Salud y Desarrollo Social de la Naci\u00f3n.&nbsp;<\/p>\n\n\n\n<p>El motivo del encuentro era el esclarecimiento sobre un tema que preocupa e interesa a todos: los derechos, la igualdad y los diferentes tipos de g\u00e9neros, considerando la posibilidad de que se brinde una charla informativa para la comunidad de Arroyito y zona sobre Sensibilizaci\u00f3n en G\u00e9nero y Diversidad Sexual.&nbsp;<\/p>\n\n\n\n<p>Estuvieron presentes, como representantes de la Municipalidad de Arroyito, la viceintendente Graciela Tristany, la secretaria de Acci\u00f3n Social Mirian Zagonel y la coordinadora de Consejo de la Mujer Edith Brav\u00edn.<\/p>\n\n\n\n<figure class=\"wp-block-image\"><img loading=\"lazy\" decoding=\"async\" width=\"940\" height=\"788\" src=\"https:\/\/arroyitoonline.com.ar\/wp-content\/uploads\/2019\/06\/g\u00e9nero-y-diversidad-sexual.jpg\" alt=\"\" class=\"wp-image-4349\" srcset=\"https:\/\/arroyitoonline.com.ar\/wp-content\/uploads\/2019\/06\/g\u00e9nero-y-diversidad-sexual.jpg 940w, https:\/\/arroyitoonline.com.ar\/wp-content\/uploads\/2019\/06\/g\u00e9nero-y-diversidad-sexual-300x251.jpg 300w, https:\/\/arroyitoonline.com.ar\/wp-content\/uploads\/2019\/06\/g\u00e9nero-y-diversidad-sexual-768x644.jpg 768w\" sizes=\"auto, (max-width: 940px) 100vw, 940px\" \/><figcaption><em>La invitaci\u00f3n para la charla a nivel local<\/em><\/figcaption><\/figure>\n\n\n\n<p>Cabe destacar que el encuentro a nivel local ser\u00e1 el mi\u00e9rcoles 3 de julio, a las 18:00 horas, en la sala de deliberaciones del edificio municipal.<\/p>\n\n\n\n<p>Entrada libre y gratuita.<\/p>\n\n\n\n<p>Fuente: Prensa Municipal.<\/p>\n\n\n\n<p>Foto de archivo, solo a modo ilustrativo. <\/p>\n","protected":false},"excerpt":{"rendered":"<p>El encuentro fue gestionado en el marco de una reuni\u00f3n desarrollada en la ciudad de C\u00f3rdoba, de la que participaron&hellip;<\/p>\n","protected":false},"author":3,"featured_media":4347,"comment_status":"closed","ping_status":"open","sticky":false,"template":"","format":"standard","meta":{"footnotes":""},"categories":[900],"tags":[66,67,836,974,857,555,556,572],"class_list":["post-4325","post","type-post","status-publish","format-standard","has-post-thumbnail","hentry","category-noticias","tag-arroyito","tag-arroyito-cordoba","tag-arroyito-online","tag-diversidad-sexual","tag-gobierno-nacional","tag-municipalidad","tag-municipalidad-de-arroyito","tag-noticias-de-arroyito-y-zona"],"_links":{"self":[{"href":"https:\/\/arroyitoonline.com.ar\/index.php?rest_route=\/wp\/v2\/posts\/4325","targetHints":{"allow":["GET"]}}],"collection":[{"href":"https:\/\/arroyitoonline.com.ar\/index.php?rest_route=\/wp\/v2\/posts"}],"about":[{"href":"https:\/\/arroyitoonline.com.ar\/index.php?rest_route=\/wp\/v2\/types\/post"}],"author":[{"embeddable":true,"href":"https:\/\/arroyitoonline.com.ar\/index.php?rest_route=\/wp\/v2\/users\/3"}],"replies":[{"embeddable":true,"href":"https:\/\/arroyitoonline.com.ar\/index.php?rest_route=%2Fwp%2Fv2%2Fcomments&post=4325"}],"version-history":[{"count":3,"href":"https:\/\/arroyitoonline.com.ar\/index.php?rest_route=\/wp\/v2\/posts\/4325\/revisions"}],"predecessor-version":[{"id":4350,"href":"https:\/\/arroyitoonline.com.ar\/index.php?rest_route=\/wp\/v2\/posts\/4325\/revisions\/4350"}],"wp:featuredmedia":[{"embeddable":true,"href":"https:\/\/arroyitoonline.com.ar\/index.php?rest_route=\/wp\/v2\/media\/4347"}],"wp:attachment":[{"href":"https:\/\/arroyitoonline.com.ar\/index.php?rest_route=%2Fwp%2Fv2%2Fmedia&parent=4325"}],"wp:term":[{"taxonomy":"category","embeddable":true,"href":"https:\/\/arroyitoonline.com.ar\/index.php?rest_route=%2Fwp%2Fv2%2Fcategories&post=4325"},{"taxonomy":"post_tag","embeddable":true,"href":"https:\/\/arroyitoonline.com.ar\/index.php?rest_route=%2Fwp%2Fv2%2Ftags&post=4325"}],"curies":[{"name":"wp","href":"https:\/\/api.w.org\/{rel}","templated":true}]}}