{"id":4362,"date":"2019-06-26T13:57:30","date_gmt":"2019-06-26T13:57:30","guid":{"rendered":"https:\/\/arroyitoonline.com.ar\/?p=4362"},"modified":"2019-06-26T14:02:13","modified_gmt":"2019-06-26T14:02:13","slug":"el-exjefe-municipal-le-cambio-el-nombre-a-su-facebook-por-el-de-gustavo-benedetti-intendente-2019","status":"publish","type":"post","link":"https:\/\/arroyitoonline.com.ar\/?p=4362","title":{"rendered":"El exjefe municipal le cambi\u00f3 el nombre a su Facebook por el de &#8220;Gustavo Benedetti Intendente 2019&#8221;"},"content":{"rendered":"\n<p><strong>Estren\u00f3 la flamante denominaci\u00f3n de su cuenta en la popular red social compartiendo informaci\u00f3n acerca de una visita a la secretar\u00eda de Prevenci\u00f3n y Asistencia de las Adicciones del Ministerio de Salud de C\u00f3rdoba. <\/strong><\/p>\n\n\n\n<p>D\u00edas pasados, el concejal Gustavo Benedetti visit\u00f3 la secretar\u00eda de Prevenci\u00f3n y Asistencia de las Adicciones del Ministerio de Salud de la Provincia de C\u00f3rdoba. <em>&#8220;Tuvimos la oportunidad de trabajar en conjunto. Con m\u00e1s informaci\u00f3n, impulsamos ahora la campa\u00f1a: Semana de Prevenci\u00f3n del Consumo de Drogas&#8221;<\/em>, se\u00f1al\u00f3 el precandidato a intendente en sus redes sociales. <\/p>\n\n\n\n<p><em>&#8220;Tenemos la voluntad pol\u00edtica y el compromiso de combatir las adicciones. Creemos que la mejor forma de abordar la prevenci\u00f3n es permitiendo el acceso de la comunidad a diferentes ofertas y herramientas. Sostenemos adem\u00e1s que la asistencia debe ser de forma integral, de dedicaci\u00f3n particular y creando v\u00ednculos en red&#8221;<\/em>, agreg\u00f3 el exjefe municipal quien adem\u00e1s, en las \u00faltimas horas, cambi\u00f3 el nombre de su fanpage de Facebook de &#8220;Gustavo Benedetti&#8221; a &#8220;Gustavo Benedetti Intendente 2019&#8221;.<\/p>\n\n\n\n<figure><iframe loading=\"lazy\" src=\"https:\/\/www.facebook.com\/plugins\/post.php?href=https%3A%2F%2Fwww.facebook.com%2Fgustavoabenedetti%2Fposts%2F872743413080033&amp;width=500\" width=\"500\" height=\"540\"><\/iframe><\/figure>\n\n\n\n<p><em>&#8220;Estamos totalmente comprometidos con el desarrollo de un plan de prevenci\u00f3n y asistencia para las adicciones, de manera que podamos crear una ciudad m\u00e1s saludable e integrada&#8221;<\/em>, sigui\u00f3 el hoy edil radical y pidi\u00f3 que que se hable del tema <em>&#8220;con tus hijos, amigos y vecinos&#8221;<\/em>. <\/p>\n\n\n\n<p>Al aguardo del anuncio de la fecha de elecciones y, en el marco de la realizaci\u00f3n de diversas reuniones de precandidatos de la UCR en el Comit\u00e9, Benedetti se debate entre el di\u00e1logo para la unidad dentro del centenario partido, y la chance de candidatearse por fuera de esta estructura que lo vio dar sus primeros pasos en el mundo de la pol\u00edtica. <\/p>\n\n\n\n<p>Lejos del color rojo que identifica al radicalismo, la imagen de campa\u00f1a del dirigente presenta un tono borravino que abogar\u00eda los rumores de su entorno, dentro del cual hoy ya se habla de un &#8220;frente&#8221; sin limitaciones partidarias. Solo ser\u00e1 el paso de los d\u00edas, el que se ocupe de despejar todas las dudas. <\/p>\n","protected":false},"excerpt":{"rendered":"<p>Estren\u00f3 la flamante denominaci\u00f3n de su cuenta en la popular red social compartiendo informaci\u00f3n acerca de una visita a la&hellip;<\/p>\n","protected":false},"author":3,"featured_media":4363,"comment_status":"closed","ping_status":"open","sticky":false,"template":"","format":"standard","meta":{"footnotes":""},"categories":[8],"tags":[66,67,836,115,302,303,404,405,968,572,640],"class_list":["post-4362","post","type-post","status-publish","format-standard","has-post-thumbnail","hentry","category-politica","tag-arroyito","tag-arroyito-cordoba","tag-arroyito-online","tag-benedetti","tag-drogadiccion","tag-drogas","tag-gobierno-de-cordoba","tag-gobierno-de-la-provincia","tag-gustavo-benedetti","tag-noticias-de-arroyito-y-zona","tag-politica"],"_links":{"self":[{"href":"https:\/\/arroyitoonline.com.ar\/index.php?rest_route=\/wp\/v2\/posts\/4362","targetHints":{"allow":["GET"]}}],"collection":[{"href":"https:\/\/arroyitoonline.com.ar\/index.php?rest_route=\/wp\/v2\/posts"}],"about":[{"href":"https:\/\/arroyitoonline.com.ar\/index.php?rest_route=\/wp\/v2\/types\/post"}],"author":[{"embeddable":true,"href":"https:\/\/arroyitoonline.com.ar\/index.php?rest_route=\/wp\/v2\/users\/3"}],"replies":[{"embeddable":true,"href":"https:\/\/arroyitoonline.com.ar\/index.php?rest_route=%2Fwp%2Fv2%2Fcomments&post=4362"}],"version-history":[{"count":2,"href":"https:\/\/arroyitoonline.com.ar\/index.php?rest_route=\/wp\/v2\/posts\/4362\/revisions"}],"predecessor-version":[{"id":4365,"href":"https:\/\/arroyitoonline.com.ar\/index.php?rest_route=\/wp\/v2\/posts\/4362\/revisions\/4365"}],"wp:featuredmedia":[{"embeddable":true,"href":"https:\/\/arroyitoonline.com.ar\/index.php?rest_route=\/wp\/v2\/media\/4363"}],"wp:attachment":[{"href":"https:\/\/arroyitoonline.com.ar\/index.php?rest_route=%2Fwp%2Fv2%2Fmedia&parent=4362"}],"wp:term":[{"taxonomy":"category","embeddable":true,"href":"https:\/\/arroyitoonline.com.ar\/index.php?rest_route=%2Fwp%2Fv2%2Fcategories&post=4362"},{"taxonomy":"post_tag","embeddable":true,"href":"https:\/\/arroyitoonline.com.ar\/index.php?rest_route=%2Fwp%2Fv2%2Ftags&post=4362"}],"curies":[{"name":"wp","href":"https:\/\/api.w.org\/{rel}","templated":true}]}}