{"id":4366,"date":"2019-06-26T14:23:54","date_gmt":"2019-06-26T14:23:54","guid":{"rendered":"https:\/\/arroyitoonline.com.ar\/?p=4366"},"modified":"2019-06-26T14:23:56","modified_gmt":"2019-06-26T14:23:56","slug":"lafarina-llevo-a-la-curva-sus-propuestas-de-gestion","status":"publish","type":"post","link":"https:\/\/arroyitoonline.com.ar\/?p=4366","title":{"rendered":"Lafarina llev\u00f3 a La Curva, sus propuestas de gesti\u00f3n"},"content":{"rendered":"\n<p><strong>El precandidato radical impulsado por el actual intendente Mauricio Cravero, comparti\u00f3 un asado con gran n\u00famero de vecinos del paraje. <\/strong><\/p>\n\n\n\n<p>El viernes pasado, el precandidato a intendente radical, Daniel Lafarina, visit\u00f3 La Curva. Asado de por medio, el elegido de Cravero, expuso su propuesta de gesti\u00f3n, de cara a las pr\u00f3ximas elecciones municipales. <\/p>\n\n\n\n<p>A los desayunos de trabajo y las asistencias a hogares de todos los puntos de Arroyito, el ingeniero sum\u00f3 ahora, esta modalidad, en la que reuni\u00f3 a gran n\u00famero de habitantes del paraje, con los que dialog\u00f3 e intercambi\u00f3 puntos de vista acerca de diferentes tem\u00e1ticas. <\/p>\n\n\n\n<figure><iframe loading=\"lazy\" src=\"https:\/\/www.facebook.com\/plugins\/post.php?href=https%3A%2F%2Fwww.facebook.com%2Fintendentedaniel%2Fposts%2F466225590855977&amp;width=500\" width=\"500\" height=\"802\"><\/iframe><\/figure>\n\n\n\n<p><em>&#8220;Hoy me junt\u00e9 con los vecinos del paraje La Curva, compartimos una hermosa reuni\u00f3n. Compart\u00ed mis ideas y recib\u00ed sus sugerencias, hoy hemos arrancado junto a todo mi equipo `la campa\u00f1a\u00b4. Voy a visitar todos los rincones de esta gran ciudad y sus parajes&#8221;<\/em>, coment\u00f3 en sus redes sociales, el actual secretario de Obras P\u00fablicas, motivado por la recepci\u00f3n que tuvo.  <\/p>\n\n\n\n<p><em>&#8220;Estoy seguro de que nuestros vecinos quieren dirigentes honestos, con ganas de seguir haciendo crecer esta ciudad, yo soy el primero que voy a luchar por eso! \u00a1Gracias inmensas a todos los que me acompa\u00f1aron y organizaron este encuentro!&#8221;<\/em>, finaliz\u00f3 Daniel, complementando este mensaje con fotos. <\/p>\n\n\n\n<p>En las im\u00e1genes puede verse la mesa principal integrada por dos mujeres y dos hombres: el propio Lafarina junto al presidente del Comit\u00e9 local de la UCR, N\u00e9stor Bonetto; Laura Garc\u00eda relevando a su marido, que no pudo estar presente por otros compromisos, y Viviana Vercelli.<\/p>\n\n\n\n<p>La pregunta que surge ante esta postal es \u00bfestar\u00e1 entre esos nombres, quien complete la f\u00f3rmula encabezada por el precandidato del oficialismo?. <\/p>\n","protected":false},"excerpt":{"rendered":"<p>El precandidato radical impulsado por el actual intendente Mauricio Cravero, comparti\u00f3 un asado con gran n\u00famero de vecinos del paraje.&hellip;<\/p>\n","protected":false},"author":3,"featured_media":4367,"comment_status":"closed","ping_status":"open","sticky":false,"template":"","format":"standard","meta":{"footnotes":""},"categories":[8],"tags":[66,67,836,318,483,837,572,640],"class_list":["post-4366","post","type-post","status-publish","format-standard","has-post-thumbnail","hentry","category-politica","tag-arroyito","tag-arroyito-cordoba","tag-arroyito-online","tag-elecciones","tag-la-curva","tag-lafarina","tag-noticias-de-arroyito-y-zona","tag-politica"],"_links":{"self":[{"href":"https:\/\/arroyitoonline.com.ar\/index.php?rest_route=\/wp\/v2\/posts\/4366","targetHints":{"allow":["GET"]}}],"collection":[{"href":"https:\/\/arroyitoonline.com.ar\/index.php?rest_route=\/wp\/v2\/posts"}],"about":[{"href":"https:\/\/arroyitoonline.com.ar\/index.php?rest_route=\/wp\/v2\/types\/post"}],"author":[{"embeddable":true,"href":"https:\/\/arroyitoonline.com.ar\/index.php?rest_route=\/wp\/v2\/users\/3"}],"replies":[{"embeddable":true,"href":"https:\/\/arroyitoonline.com.ar\/index.php?rest_route=%2Fwp%2Fv2%2Fcomments&post=4366"}],"version-history":[{"count":1,"href":"https:\/\/arroyitoonline.com.ar\/index.php?rest_route=\/wp\/v2\/posts\/4366\/revisions"}],"predecessor-version":[{"id":4368,"href":"https:\/\/arroyitoonline.com.ar\/index.php?rest_route=\/wp\/v2\/posts\/4366\/revisions\/4368"}],"wp:featuredmedia":[{"embeddable":true,"href":"https:\/\/arroyitoonline.com.ar\/index.php?rest_route=\/wp\/v2\/media\/4367"}],"wp:attachment":[{"href":"https:\/\/arroyitoonline.com.ar\/index.php?rest_route=%2Fwp%2Fv2%2Fmedia&parent=4366"}],"wp:term":[{"taxonomy":"category","embeddable":true,"href":"https:\/\/arroyitoonline.com.ar\/index.php?rest_route=%2Fwp%2Fv2%2Fcategories&post=4366"},{"taxonomy":"post_tag","embeddable":true,"href":"https:\/\/arroyitoonline.com.ar\/index.php?rest_route=%2Fwp%2Fv2%2Ftags&post=4366"}],"curies":[{"name":"wp","href":"https:\/\/api.w.org\/{rel}","templated":true}]}}