{"id":4373,"date":"2019-06-27T21:01:58","date_gmt":"2019-06-27T21:01:58","guid":{"rendered":"https:\/\/arroyitoonline.com.ar\/?p=4373"},"modified":"2019-06-27T21:04:31","modified_gmt":"2019-06-27T21:04:31","slug":"oasis-llego-al-centro-es-el-gimnasio-mas-grande-de-la-region","status":"publish","type":"post","link":"https:\/\/arroyitoonline.com.ar\/?p=4373","title":{"rendered":"Oasis lleg\u00f3 al centro: es el gimnasio m\u00e1s grande de la regi\u00f3n"},"content":{"rendered":"\n<p><strong>El centro de actividades f\u00edsicas propiedad de la profesora Anabella Bozzana casi triplic\u00f3 su superficie llev\u00e1ndola a 640 metros cuadrados. Sus flamantes instalaciones se encuentran en Belgrano&nbsp;857.<\/strong><\/p>\n\n\n\n<p>El lunes a la noche, en un acto con gran afluencia, se produjo la reapertura de Oasis Gym, que mud\u00f3 sus instalaciones Belgrano 857, transform\u00e1ndose as\u00ed en el centro de actividades f\u00edsicas m\u00e1s grande de la regi\u00f3n. <\/p>\n\n\n\n<figure class=\"wp-block-image\"><img loading=\"lazy\" decoding=\"async\" width=\"1024\" height=\"576\" src=\"https:\/\/arroyitoonline.com.ar\/wp-content\/uploads\/2019\/06\/oasis-reapertura-1024x576.png\" alt=\"\" class=\"wp-image-4375\" srcset=\"https:\/\/arroyitoonline.com.ar\/wp-content\/uploads\/2019\/06\/oasis-reapertura-1024x576.png 1024w, https:\/\/arroyitoonline.com.ar\/wp-content\/uploads\/2019\/06\/oasis-reapertura-300x169.png 300w, https:\/\/arroyitoonline.com.ar\/wp-content\/uploads\/2019\/06\/oasis-reapertura-768x432.png 768w, https:\/\/arroyitoonline.com.ar\/wp-content\/uploads\/2019\/06\/oasis-reapertura.png 2048w\" sizes=\"auto, (max-width: 1024px) 100vw, 1024px\" \/><figcaption><em>La Prof. Anabella Bozzana<\/em><\/figcaption><\/figure>\n\n\n\n<p>Anabella Bozzana, la propietaria del gimnasio que este a\u00f1o est\u00e1 celebrando su 15\u00ba Aniversario, no solo agreg\u00f3 nuevas actividades a su espacio, sino que tambi\u00e9n traz\u00f3 un proyecto ambicioso, que viene gest\u00e1ndose hace m\u00e1s de dos a\u00f1os.<\/p>\n\n\n\n<p>Su idea qued\u00f3 plasmada las modernas instalaciones. La obra fue dirigida por el arquitecto Franco Miretti, en colaboraci\u00f3n con su colega Tatiana Fonti, quien diagram\u00f3 el sector de sanitarios, en un inmueble que pertenece a su familia. <\/p>\n\n\n\n<figure><iframe loading=\"lazy\" src=\"https:\/\/www.facebook.com\/plugins\/video.php?href=https%3A%2F%2Fwww.facebook.com%2Farroyitoonlineoficial%2Fvideos%2F460533681158681%2F&amp;show_text=0&amp;width=560\" width=\"560\" height=\"315\" allowfullscreen=\"true\"><\/iframe><\/figure>\n\n\n\n<p>En la oportunidad, estuvieron presentes autoridades municipales; pol\u00edticos; alumnos; docentes del staff; familiares; amigos; representantes de la C\u00e1mara de Gimnasios de C\u00f3rdoba, Noelia Minatto y Marcos Ag\u00fcade; profesor referente de la actividad f\u00edsica, Lic. Hugo P\u00e9cile, y los propietarios de la cadena cordobesa de gimnasios Ergo Club, H\u00e9ctor Gonz\u00e1lez y Pablo C\u00f3rdoba. <\/p>\n\n\n\n<p>Es importante destacar que, con este cambio de casa, Oasis casi triplica su superficie, pasando de los 230 anteriores a 640 metros cuadrados.<\/p>\n\n\n\n<p>M\u00e1s grande y m\u00e1s moderno, cuenta con duchas en el sector de sanitarios, que incluyen ba\u00f1os para personas con discapacidad; lockers; dispenser de agua fr\u00eda y caliente; zonas de musculaci\u00f3n \u2013equipadas con m\u00e1quinas Fox- y cardio \u2013con equipamiento Movement y Embrex-; 125 m2 de espacio para entrenamiento funcional montado con c\u00e9sped sint\u00e9tico y gran equipamiento de la marca Mir, 90 m2 sectorizados para actividades dirigidas; amplia y confortable zona de recepci\u00f3n; estacionamiento libre y seguro para bicicletas y motos e iluminaci\u00f3n y ambientaci\u00f3n, que crean un ambiente confortable y agradable, pensado para toda la familia sin l\u00edmites de edad, con espacios para la pr\u00e1ctica del deporte y tambi\u00e9n sectores para el relax. <\/p>\n\n\n\n<p>Los servicios de Oasis Gym:<\/p>\n\n\n\n<p>Musculaci\u00f3n<\/p>\n\n\n\n<p>Cardio<\/p>\n\n\n\n<p>Yoga<\/p>\n\n\n\n<p>Ritmos<\/p>\n\n\n\n<p>Entrenamiento Funcional<\/p>\n\n\n\n<p>Entrenamiento para ni\u00f1os en edad escolar<\/p>\n\n\n\n<p>Entrenamiento para adolescentes.<\/p>\n","protected":false},"excerpt":{"rendered":"<p>El centro de actividades f\u00edsicas propiedad de la profesora Anabella Bozzana casi triplic\u00f3 su superficie llev\u00e1ndola a 640 metros cuadrados.&hellip;<\/p>\n","protected":false},"author":3,"featured_media":4374,"comment_status":"closed","ping_status":"open","sticky":false,"template":"","format":"standard","meta":{"footnotes":""},"categories":[3],"tags":[66,67,836,276,277,572,987],"class_list":["post-4373","post","type-post","status-publish","format-standard","has-post-thumbnail","hentry","category-infodeporte","tag-arroyito","tag-arroyito-cordoba","tag-arroyito-online","tag-deporte","tag-deportes","tag-noticias-de-arroyito-y-zona","tag-oasis-gym"],"_links":{"self":[{"href":"https:\/\/arroyitoonline.com.ar\/index.php?rest_route=\/wp\/v2\/posts\/4373","targetHints":{"allow":["GET"]}}],"collection":[{"href":"https:\/\/arroyitoonline.com.ar\/index.php?rest_route=\/wp\/v2\/posts"}],"about":[{"href":"https:\/\/arroyitoonline.com.ar\/index.php?rest_route=\/wp\/v2\/types\/post"}],"author":[{"embeddable":true,"href":"https:\/\/arroyitoonline.com.ar\/index.php?rest_route=\/wp\/v2\/users\/3"}],"replies":[{"embeddable":true,"href":"https:\/\/arroyitoonline.com.ar\/index.php?rest_route=%2Fwp%2Fv2%2Fcomments&post=4373"}],"version-history":[{"count":2,"href":"https:\/\/arroyitoonline.com.ar\/index.php?rest_route=\/wp\/v2\/posts\/4373\/revisions"}],"predecessor-version":[{"id":4377,"href":"https:\/\/arroyitoonline.com.ar\/index.php?rest_route=\/wp\/v2\/posts\/4373\/revisions\/4377"}],"wp:featuredmedia":[{"embeddable":true,"href":"https:\/\/arroyitoonline.com.ar\/index.php?rest_route=\/wp\/v2\/media\/4374"}],"wp:attachment":[{"href":"https:\/\/arroyitoonline.com.ar\/index.php?rest_route=%2Fwp%2Fv2%2Fmedia&parent=4373"}],"wp:term":[{"taxonomy":"category","embeddable":true,"href":"https:\/\/arroyitoonline.com.ar\/index.php?rest_route=%2Fwp%2Fv2%2Fcategories&post=4373"},{"taxonomy":"post_tag","embeddable":true,"href":"https:\/\/arroyitoonline.com.ar\/index.php?rest_route=%2Fwp%2Fv2%2Ftags&post=4373"}],"curies":[{"name":"wp","href":"https:\/\/api.w.org\/{rel}","templated":true}]}}