{"id":4378,"date":"2019-06-28T02:43:53","date_gmt":"2019-06-28T02:43:53","guid":{"rendered":"https:\/\/arroyitoonline.com.ar\/?p=4378"},"modified":"2019-06-28T02:43:55","modified_gmt":"2019-06-28T02:43:55","slug":"con-la-inauguracion-de-la-2a-etapa-del-master-desague-de-mitre-500-familias-ya-no-se-inundan","status":"publish","type":"post","link":"https:\/\/arroyitoonline.com.ar\/?p=4378","title":{"rendered":"Con la inauguraci\u00f3n de la 2\u00aa etapa del M\u00e1ster Desag\u00fce de Mitre, 500 familias ya no se inundan"},"content":{"rendered":"\n<p><strong>Son 45 millones de pesos, los que lleva invertidos Cravero, en obras de\ndrenaje. <\/strong><\/p>\n\n\n\n<p>Ayer a la tarde, en un acto encabezado por el intendente Mauricio Cravero y por el secretario de Obras P\u00fablicas Daniel Lafarina, la Municipalidad de Arroyito present\u00f3 en sociedad la segunda etapa del M\u00e1ster Desag\u00fce de calle Bartolom\u00e9 Mitre, que llega hasta Nicasio Y\u00e1nez, una obra hist\u00f3rica, cuyo primer tramo va desde el r\u00edo Xanaes hasta la avenida Marcial Vaudagna. \u00a0<\/p>\n\n\n\n<figure><iframe loading=\"lazy\" src=\"https:\/\/www.facebook.com\/plugins\/video.php?href=https%3A%2F%2Fwww.facebook.com%2Farroyitoonlineoficial%2Fvideos%2F407116146560176%2F&amp;show_text=0&amp;width=560\" width=\"560\" height=\"315\" allowfullscreen=\"true\"><\/iframe><\/figure>\n\n\n\n<p>Cabe destacar que, en septiembre\nde 2016, y con la intervenci\u00f3n de la prestigiosa consultora CEAS, la gesti\u00f3n\ncraverista obtuvo un diagn\u00f3stico del estado de los desag\u00fces pluviales de todos\nlos sectores de la localidad. Aquel fue el puntapi\u00e9 inicial para que el\nintendente tomara una decisi\u00f3n bisagra en su administraci\u00f3n: la ejecuci\u00f3n de\nlas obras de infraestructura necesarias, que le dieran soluci\u00f3n definitiva al\nproblema local de las inundaciones, con una inversi\u00f3n genuina y adjudicaci\u00f3n transparente,\na trav\u00e9s de licitaciones. <\/p>\n\n\n\n<p>En una tarde g\u00e9lida, buen n\u00famero\nde vecinos se dio cita en la esquina de Y\u00e1nez y Mitre, acompa\u00f1ando la\ninauguraci\u00f3n oficial. Varios de ellos hablaron de lo que significa este M\u00e1ster\nDesag\u00fce para quienes, hasta hace poco tiempo, ten\u00edan agua dentro de sus\nviviendas luego de cualquier lluvia de pocos mil\u00edmetros. Todos coincidieron en\nagradecerle a Cravero y a su equipo, por haber tomado la determinaci\u00f3n de\niniciar las obras.&nbsp; <\/p>\n\n\n\n<figure class=\"wp-block-image\"><img loading=\"lazy\" decoding=\"async\" width=\"1024\" height=\"682\" src=\"https:\/\/arroyitoonline.com.ar\/wp-content\/uploads\/2019\/06\/beto-1024x682.jpg\" alt=\"\" class=\"wp-image-4380\" srcset=\"https:\/\/arroyitoonline.com.ar\/wp-content\/uploads\/2019\/06\/beto-1024x682.jpg 1024w, https:\/\/arroyitoonline.com.ar\/wp-content\/uploads\/2019\/06\/beto-300x200.jpg 300w, https:\/\/arroyitoonline.com.ar\/wp-content\/uploads\/2019\/06\/beto-768x512.jpg 768w, https:\/\/arroyitoonline.com.ar\/wp-content\/uploads\/2019\/06\/beto.jpg 1280w\" sizes=\"auto, (max-width: 1024px) 100vw, 1024px\" \/><figcaption><em>Beto Castillo fue uno de los vecinos del sector, m\u00e1s cr\u00edticos con la gesti\u00f3n de Cravero, cuando en 2016 se inund\u00f3 la ciudad. Ayer, en la inauguraci\u00f3n , cumpli\u00f3 su promesa de &#8220;darle la mano al intendente cuando hiciera las obras&#8221;. <\/em><\/figcaption><\/figure>\n\n\n\n<p>Hoy, entre los conductos de Mitre\ny los de Rafael N\u00fa\u00f1ez, el gobierno craverista ya lleva invertidos 45 millones\nde pesos, monto in\u00e9dito en lo que a desag\u00fces respecta, que ya le han resuelto\nel problema de las anegaciones a m\u00e1s de 500 familias. \n\nA\u00fan as\u00ed, la adecuaci\u00f3n de drenajes no se detiene y\npronto, la administraci\u00f3n del contador radical iniciar\u00e1 una nueva obra\ncomplementaria, debajo de la calle Rafael Bianchi.\n\n\n\n<\/p>\n","protected":false},"excerpt":{"rendered":"<p>Son 45 millones de pesos, los que lleva invertidos Cravero, en obras de drenaje. Ayer a la tarde, en un&hellip;<\/p>\n","protected":false},"author":3,"featured_media":4379,"comment_status":"closed","ping_status":"open","sticky":false,"template":"","format":"standard","meta":{"footnotes":""},"categories":[829],"tags":[66,67,836,253,280,458,837,501,527,868,556,572,577,578],"class_list":["post-4378","post","type-post","status-publish","format-standard","has-post-thumbnail","hentry","category-municipales-online","tag-arroyito","tag-arroyito-cordoba","tag-arroyito-online","tag-cravero","tag-desagues","tag-inundaciones","tag-lafarina","tag-lluvias","tag-mauricio-cravero","tag-municipales-online","tag-municipalidad-de-arroyito","tag-noticias-de-arroyito-y-zona","tag-obras-hidricas","tag-obras-publicas"],"_links":{"self":[{"href":"https:\/\/arroyitoonline.com.ar\/index.php?rest_route=\/wp\/v2\/posts\/4378","targetHints":{"allow":["GET"]}}],"collection":[{"href":"https:\/\/arroyitoonline.com.ar\/index.php?rest_route=\/wp\/v2\/posts"}],"about":[{"href":"https:\/\/arroyitoonline.com.ar\/index.php?rest_route=\/wp\/v2\/types\/post"}],"author":[{"embeddable":true,"href":"https:\/\/arroyitoonline.com.ar\/index.php?rest_route=\/wp\/v2\/users\/3"}],"replies":[{"embeddable":true,"href":"https:\/\/arroyitoonline.com.ar\/index.php?rest_route=%2Fwp%2Fv2%2Fcomments&post=4378"}],"version-history":[{"count":1,"href":"https:\/\/arroyitoonline.com.ar\/index.php?rest_route=\/wp\/v2\/posts\/4378\/revisions"}],"predecessor-version":[{"id":4381,"href":"https:\/\/arroyitoonline.com.ar\/index.php?rest_route=\/wp\/v2\/posts\/4378\/revisions\/4381"}],"wp:featuredmedia":[{"embeddable":true,"href":"https:\/\/arroyitoonline.com.ar\/index.php?rest_route=\/wp\/v2\/media\/4379"}],"wp:attachment":[{"href":"https:\/\/arroyitoonline.com.ar\/index.php?rest_route=%2Fwp%2Fv2%2Fmedia&parent=4378"}],"wp:term":[{"taxonomy":"category","embeddable":true,"href":"https:\/\/arroyitoonline.com.ar\/index.php?rest_route=%2Fwp%2Fv2%2Fcategories&post=4378"},{"taxonomy":"post_tag","embeddable":true,"href":"https:\/\/arroyitoonline.com.ar\/index.php?rest_route=%2Fwp%2Fv2%2Ftags&post=4378"}],"curies":[{"name":"wp","href":"https:\/\/api.w.org\/{rel}","templated":true}]}}