{"id":4386,"date":"2019-06-27T21:33:54","date_gmt":"2019-06-27T21:33:54","guid":{"rendered":"https:\/\/arroyitoonline.com.ar\/?p=4386"},"modified":"2019-06-28T03:41:33","modified_gmt":"2019-06-28T03:41:33","slug":"los-coros-municipales-estan-de-gira","status":"publish","type":"post","link":"https:\/\/arroyitoonline.com.ar\/?p=4386","title":{"rendered":"Los coros municipales estuvieron de gira"},"content":{"rendered":"\n<p><strong>Los elencos de C\u00e1mara, de Adultos Mayores y de Italiano Dolce Citt\u00e0 realizaron exitosas presentaciones como invitados. <\/strong><\/p>\n\n\n\n<p>El \u00faltimo fin de semana, los Coros de la Casa de la Cultura han salido de gira.<br><\/p>\n\n\n\n<p>El s\u00e1bado 22 de junio, el elenco de Adultos Mayores actu\u00f3 en un encuentro en Balnearia y, el domingo 23, su par de Italiano Dolce Citt\u00e0, hizo lo propio en Colonia Marina. <\/p>\n\n\n\n<p>Adem\u00e1s, los d\u00edas 15, 16 y 17 de junio, el Coro de C\u00e1mara tuvo una exitosa presentaci\u00f3n en Buenos Aires. <\/p>\n\n\n\n<p>Cabe recordar que todos los elencos son dirigidos por el profesor Joel Coronel, quien imparte con profesionalismo a sus alumnos el respeto y la disciplina en el trabajo grupal.<\/p>\n\n\n\n<p>Las nuevas fechas que se avecinan son:<\/p>\n\n\n\n<p>\u2022Domingo 30\/06 \/\/ Actuaci\u00f3n Coro de C\u00e1mara en Homenaje a Carlos Gardel.<\/p>\n\n\n\n<p>\u2022S\u00e1bado&nbsp; 03\/08 \/\/ Encuentro Coro de Italianos.<\/p>\n\n\n\n<p>\u2022S\u00e1bado 14\/09 \/\/ Encuentro Coro Infanto Juvenil.<\/p>\n\n\n\n<p>\u2022S\u00e1bado 05\/10 \/\/ Encuentro Coro de Adultos.<\/p>\n\n\n\n<p>Desde la Municipalidad enviaron sus <em>&#8220;Felicitaciones a todos, por el esmero y la dedicaci\u00f3n&#8221;<\/em>. <\/p>\n\n\n\n<p>Fuente: Prensa Municipal. <\/p>\n","protected":false},"excerpt":{"rendered":"<p>Los elencos de C\u00e1mara, de Adultos Mayores y de Italiano Dolce Citt\u00e0 realizaron exitosas presentaciones como invitados. El \u00faltimo fin&hellip;<\/p>\n","protected":false},"author":3,"featured_media":4387,"comment_status":"closed","ping_status":"open","sticky":false,"template":"","format":"standard","meta":{"footnotes":""},"categories":[2],"tags":[66,67,836,158,247,975,988,259,864,572],"class_list":["post-4386","post","type-post","status-publish","format-standard","has-post-thumbnail","hentry","category-cultura-y-espectaculos","tag-arroyito","tag-arroyito-cordoba","tag-arroyito-online","tag-casa-de-la-cultura","tag-coro","tag-coro-de-camara","tag-coro-de-italiano-dolce-citta","tag-cultura","tag-cultura-y-espectaculos-online","tag-noticias-de-arroyito-y-zona"],"_links":{"self":[{"href":"https:\/\/arroyitoonline.com.ar\/index.php?rest_route=\/wp\/v2\/posts\/4386","targetHints":{"allow":["GET"]}}],"collection":[{"href":"https:\/\/arroyitoonline.com.ar\/index.php?rest_route=\/wp\/v2\/posts"}],"about":[{"href":"https:\/\/arroyitoonline.com.ar\/index.php?rest_route=\/wp\/v2\/types\/post"}],"author":[{"embeddable":true,"href":"https:\/\/arroyitoonline.com.ar\/index.php?rest_route=\/wp\/v2\/users\/3"}],"replies":[{"embeddable":true,"href":"https:\/\/arroyitoonline.com.ar\/index.php?rest_route=%2Fwp%2Fv2%2Fcomments&post=4386"}],"version-history":[{"count":2,"href":"https:\/\/arroyitoonline.com.ar\/index.php?rest_route=\/wp\/v2\/posts\/4386\/revisions"}],"predecessor-version":[{"id":4389,"href":"https:\/\/arroyitoonline.com.ar\/index.php?rest_route=\/wp\/v2\/posts\/4386\/revisions\/4389"}],"wp:featuredmedia":[{"embeddable":true,"href":"https:\/\/arroyitoonline.com.ar\/index.php?rest_route=\/wp\/v2\/media\/4387"}],"wp:attachment":[{"href":"https:\/\/arroyitoonline.com.ar\/index.php?rest_route=%2Fwp%2Fv2%2Fmedia&parent=4386"}],"wp:term":[{"taxonomy":"category","embeddable":true,"href":"https:\/\/arroyitoonline.com.ar\/index.php?rest_route=%2Fwp%2Fv2%2Fcategories&post=4386"},{"taxonomy":"post_tag","embeddable":true,"href":"https:\/\/arroyitoonline.com.ar\/index.php?rest_route=%2Fwp%2Fv2%2Ftags&post=4386"}],"curies":[{"name":"wp","href":"https:\/\/api.w.org\/{rel}","templated":true}]}}