{"id":4404,"date":"2019-06-28T18:00:38","date_gmt":"2019-06-28T18:00:38","guid":{"rendered":"https:\/\/arroyitoonline.com.ar\/?p=4404"},"modified":"2019-06-28T18:00:40","modified_gmt":"2019-06-28T18:00:40","slug":"el-litigio-entre-un-super-chino-y-el-municipio-sera-tratado-en-la-corte-suprema","status":"publish","type":"post","link":"https:\/\/arroyitoonline.com.ar\/?p=4404","title":{"rendered":"El litigio entre un s\u00faper chino y el Municipio ser\u00e1 tratado en la Corte Suprema"},"content":{"rendered":"\n<p><strong>En la causa se debate la constitucionalidad de una ordenanza de la Municipalidad de Arroyito, que proh\u00edbe a los supermercados que abran los d\u00edas domingos. La resoluci\u00f3n lleva la firma del titular del alto cuerpo judicial, Carlos Rosenkrantz.<\/strong><\/p>\n\n\n\n<p>La CSJ fij\u00f3 para el 3 de julio\npr\u00f3ximo, a las 10:00, una audiencia p\u00fablica informativa en la causa CSJ\n1751\/2018\/CI1 <em>\u201cShi, Jinchui c\/\nMunicipalidad de la Ciudad de Arroyito s\/acci\u00f3n declarativa de\ninconstitucionalidad\u201d<\/em>.<\/p>\n\n\n\n<p>En ese marco estableci\u00f3 un plazo de\n35 d\u00edas para la participaci\u00f3n de Amigos del Tribunal a los fines de que\nefect\u00faen presentaciones de car\u00e1cter jur\u00eddico, t\u00e9cnico o cient\u00edfico, que\nfinaliz\u00f3 el 20 de mayo de 2019.<\/p>\n\n\n\n<p>En el expediente, el propietario de un supermercado dedujo una acci\u00f3n declarativa de inconstitucionalidad contra el Municipio, por la ordenanza 1660, dictada por el Concejo Deliberante el 26 de agosto de 2014 que, bajo el t\u00edtulo <em><a href=\"http:\/\/www.cdarroyito.gob.ar\/docum\/ordenanzas\/ORD.%201660%20Descanso%20Dominical.pdf\">\u201cDescanso dominical del trabajador\u201d<\/a><\/em>, proh\u00edbe a los supermercados (con superficie igual o superior a los 100 metros cuadrados) que abran los domingos estableciendo multas progresivas a los que incumplan la medida.<\/p>\n\n\n\n<p>El Tribunal Superior de Justicia de la Provincia de C\u00f3rdoba hab\u00eda declarado la inconstitucionalidad de la norma impugnada, decisi\u00f3n que fue cuestionada por la Municipalidad mediante un recurso extraordinario que, cuando fue denegado, motiv\u00f3 la interposici\u00f3n de un recurso de queja ante la Corte Suprema, instancia en la que se encuentra ahora.<\/p>\n\n\n\n<p>El TSJ consider\u00f3 que el Municipio no ten\u00eda autoridad para la regulaci\u00f3n de dichas materias y, al hacerlo, hab\u00eda avasallado las competencias propias de los gobiernos Nacional y Provincial, en abierta violaci\u00f3n de los art\u00edculos 75, inciso 12, de la Constituci\u00f3n Nacional, y de los art\u00edculos 54 y 186, inciso 14, de la Constituci\u00f3n de la Provincia.<\/p>\n\n\n\n<p>El Tribunal Superior de Justicia\n(TSJ), en pleno, hizo lugar a la acci\u00f3n declarativa de inconstitucionalidad\npresentada por Li Hua Weng, en su car\u00e1cter de propietaria del establecimiento\ncomercial <em>\u201cSupermercado Armon\u00eda\u201d<\/em>.<\/p>\n\n\n\n<p>La due\u00f1a del s\u00faper, por su parte, hab\u00eda denunciado que la ordenanza viola los derechos adquiridos vinculados con el desarrollo de la iniciativa privada; esto es, de trabajar y de ejercer el comercio sin que la Municipalidad tenga competencia para ello por ser materia de derecho com\u00fan, delegada por las provincias al gobierno federal.<\/p>\n\n\n\n<p>Fuente: En Redacci\u00f3n.  <\/p>\n","protected":false},"excerpt":{"rendered":"<p>En la causa se debate la constitucionalidad de una ordenanza de la Municipalidad de Arroyito, que proh\u00edbe a los supermercados&hellip;<\/p>\n","protected":false},"author":3,"featured_media":4405,"comment_status":"closed","ping_status":"open","sticky":false,"template":"","format":"standard","meta":{"footnotes":""},"categories":[829],"tags":[66,67,836,217,993,992,478,868,555,556,572],"class_list":["post-4404","post","type-post","status-publish","format-standard","has-post-thumbnail","hentry","category-municipales-online","tag-arroyito","tag-arroyito-cordoba","tag-arroyito-online","tag-comercio","tag-corte-suprema","tag-descanso-dominical-del-trabajador","tag-justicia","tag-municipales-online","tag-municipalidad","tag-municipalidad-de-arroyito","tag-noticias-de-arroyito-y-zona"],"_links":{"self":[{"href":"https:\/\/arroyitoonline.com.ar\/index.php?rest_route=\/wp\/v2\/posts\/4404","targetHints":{"allow":["GET"]}}],"collection":[{"href":"https:\/\/arroyitoonline.com.ar\/index.php?rest_route=\/wp\/v2\/posts"}],"about":[{"href":"https:\/\/arroyitoonline.com.ar\/index.php?rest_route=\/wp\/v2\/types\/post"}],"author":[{"embeddable":true,"href":"https:\/\/arroyitoonline.com.ar\/index.php?rest_route=\/wp\/v2\/users\/3"}],"replies":[{"embeddable":true,"href":"https:\/\/arroyitoonline.com.ar\/index.php?rest_route=%2Fwp%2Fv2%2Fcomments&post=4404"}],"version-history":[{"count":1,"href":"https:\/\/arroyitoonline.com.ar\/index.php?rest_route=\/wp\/v2\/posts\/4404\/revisions"}],"predecessor-version":[{"id":4406,"href":"https:\/\/arroyitoonline.com.ar\/index.php?rest_route=\/wp\/v2\/posts\/4404\/revisions\/4406"}],"wp:featuredmedia":[{"embeddable":true,"href":"https:\/\/arroyitoonline.com.ar\/index.php?rest_route=\/wp\/v2\/media\/4405"}],"wp:attachment":[{"href":"https:\/\/arroyitoonline.com.ar\/index.php?rest_route=%2Fwp%2Fv2%2Fmedia&parent=4404"}],"wp:term":[{"taxonomy":"category","embeddable":true,"href":"https:\/\/arroyitoonline.com.ar\/index.php?rest_route=%2Fwp%2Fv2%2Fcategories&post=4404"},{"taxonomy":"post_tag","embeddable":true,"href":"https:\/\/arroyitoonline.com.ar\/index.php?rest_route=%2Fwp%2Fv2%2Ftags&post=4404"}],"curies":[{"name":"wp","href":"https:\/\/api.w.org\/{rel}","templated":true}]}}