{"id":4408,"date":"2019-06-29T02:41:54","date_gmt":"2019-06-29T02:41:54","guid":{"rendered":"https:\/\/arroyitoonline.com.ar\/?p=4408"},"modified":"2019-06-29T02:41:59","modified_gmt":"2019-06-29T02:41:59","slug":"imputaron-a-dos-hombres-de-arroyito-por-la-muerte-del-perro-locon","status":"publish","type":"post","link":"https:\/\/arroyitoonline.com.ar\/?p=4408","title":{"rendered":"Imputaron a dos hombres de Arroyito por la muerte del perro \u201cLoc\u00f3n\u201d"},"content":{"rendered":"\n<p><strong>Se los acusa por supuesta infracci\u00f3n a la Ley 14.346 (Malos\ntratos y actos de crueldad a los animales).<\/strong><\/p>\n\n\n\n<p>Seg\u00fan public\u00f3 hoy Fundaci\u00f3n Bio Animalis, en su cuenta de la red social Facebook, Carlos Benildo Carnero y Milton C\u00e9sar Carnero, ambos de Arroyito, fueron imputados por supuesta infracci\u00f3n a la <a href=\"http:\/\/www0.unsl.edu.ar\/~atissera\/Leyes%20Nacionales\/Ley%20Nac%2014346%20malos%20tratos%20animales.pdf\">Ley 14.346<\/a> (Malos tratos y actos de crueldad a los animales). <\/p>\n\n\n\n<p>Es por el hecho de crueldad extrema\nque termin\u00f3 con la vida del perro macho mestizo de galgo \u201cLoc\u00f3n\u201d. El domingo 13\nde enero de 2019, el animal habr\u00eda ingresado al patio de una casa vecina y\ntomado un pedazo de asado de la parrilla. El hecho habr\u00eda sido el aparente\nm\u00f3vil del brutal y cruento ataque al perro, por parte de personas que se\nencontraban en ese domicilio. <\/p>\n\n\n\n<p>Luego de la golpiza, Loc\u00f3n lleg\u00f3 hasta su hogar, donde falleci\u00f3 frente a su familia. La causa de la muerte fue traumatismos m\u00faltiples de cr\u00e1neo, por golpes en reiteradas oportunidades con un objeto punzante, que adem\u00e1s le fue clavado en la cabeza. Seg\u00fan la abogada de la Fundaci\u00f3n Bio Animalis \u2013querellante de la causa-, Gretel Monserrat, los hechos fueron vistos por un vecino, que luego los relat\u00f3.<\/p>\n\n\n\n<p>La denuncia hab\u00eda sido radicada por los due\u00f1os del animal el mismo domingo cuando sucedi\u00f3 el hecho, quienes se comunicaron tambi\u00e9n con la Asociaci\u00f3n Civil Coraz\u00f3n de Trapo. Desde all\u00ed expresaron que <em>&#8220;el acto fue de gran ensa\u00f1amiento y violencia ante un ser indefenso&#8221;<\/em>. <\/p>\n\n\n\n<p>Fuente: Bio Animalis y La Voz de San Justo.<\/p>\n","protected":false},"excerpt":{"rendered":"<p>Se los acusa por supuesta infracci\u00f3n a la Ley 14.346 (Malos tratos y actos de crueldad a los animales). Seg\u00fan&hellip;<\/p>\n","protected":false},"author":3,"featured_media":4409,"comment_status":"closed","ping_status":"open","sticky":false,"template":"","format":"standard","meta":{"footnotes":""},"categories":[824],"tags":[52,66,67,836,243,478,514,572,635,637,638,825],"class_list":["post-4408","post","type-post","status-publish","format-standard","has-post-thumbnail","hentry","category-policiales-online","tag-animales","tag-arroyito","tag-arroyito-cordoba","tag-arroyito-online","tag-corazon-de-trapo","tag-justicia","tag-maltrato-animal","tag-noticias-de-arroyito-y-zona","tag-policia","tag-policiales","tag-policiales-arroyito","tag-policiales-online"],"_links":{"self":[{"href":"https:\/\/arroyitoonline.com.ar\/index.php?rest_route=\/wp\/v2\/posts\/4408","targetHints":{"allow":["GET"]}}],"collection":[{"href":"https:\/\/arroyitoonline.com.ar\/index.php?rest_route=\/wp\/v2\/posts"}],"about":[{"href":"https:\/\/arroyitoonline.com.ar\/index.php?rest_route=\/wp\/v2\/types\/post"}],"author":[{"embeddable":true,"href":"https:\/\/arroyitoonline.com.ar\/index.php?rest_route=\/wp\/v2\/users\/3"}],"replies":[{"embeddable":true,"href":"https:\/\/arroyitoonline.com.ar\/index.php?rest_route=%2Fwp%2Fv2%2Fcomments&post=4408"}],"version-history":[{"count":1,"href":"https:\/\/arroyitoonline.com.ar\/index.php?rest_route=\/wp\/v2\/posts\/4408\/revisions"}],"predecessor-version":[{"id":4410,"href":"https:\/\/arroyitoonline.com.ar\/index.php?rest_route=\/wp\/v2\/posts\/4408\/revisions\/4410"}],"wp:featuredmedia":[{"embeddable":true,"href":"https:\/\/arroyitoonline.com.ar\/index.php?rest_route=\/wp\/v2\/media\/4409"}],"wp:attachment":[{"href":"https:\/\/arroyitoonline.com.ar\/index.php?rest_route=%2Fwp%2Fv2%2Fmedia&parent=4408"}],"wp:term":[{"taxonomy":"category","embeddable":true,"href":"https:\/\/arroyitoonline.com.ar\/index.php?rest_route=%2Fwp%2Fv2%2Fcategories&post=4408"},{"taxonomy":"post_tag","embeddable":true,"href":"https:\/\/arroyitoonline.com.ar\/index.php?rest_route=%2Fwp%2Fv2%2Ftags&post=4408"}],"curies":[{"name":"wp","href":"https:\/\/api.w.org\/{rel}","templated":true}]}}