{"id":4430,"date":"2019-07-01T18:54:38","date_gmt":"2019-07-01T18:54:38","guid":{"rendered":"https:\/\/arroyitoonline.com.ar\/?p=4430"},"modified":"2019-07-01T18:55:24","modified_gmt":"2019-07-01T18:55:24","slug":"dos-autos-chocaron-de-frente-en-la-curva-de-el-fuertecito","status":"publish","type":"post","link":"https:\/\/arroyitoonline.com.ar\/?p=4430","title":{"rendered":"Dos autos chocaron de frente en la curva de El Fuertecito"},"content":{"rendered":"\n<p><strong>Fue anoche, en el acceso oeste al paraje. La\ncolisi\u00f3n se produjo entre un Fiat Siena y un Citro\u00ebn.<\/strong><\/p>\n\n\n\n<p>Este domingo a las 21:30 horas, en el kil\u00f3metro 216 de ruta 19 a la\naltura de la curva situada en el acceso oeste a El Fuertecito, colisionaron dos\nveh\u00edculos de frente. <\/p>\n\n\n\n<p>Se trata de un Fiat Siena gris conducido por un hombre (60) con domicilio\nen ese paraje y un Citro\u00ebn C3 negro guiado por un hombre de 55 a\u00f1os acompa\u00f1ado\npor dos mujeres (de 70 y 49 a\u00f1os) y un joven (22), todos domiciliados en\nColonia San Bartolom\u00e9. <\/p>\n\n\n\n<p>Como consecuencia del choque, los ocupantes de ambos rodados fueron trasladados al Hospital Municipal Carlos Rodr\u00edguez, donde se les diagnosticaron lesiones de car\u00e1cter leve a quienes iban en el Citro\u00ebn.  Fuente: informe de la suboficial Principal J\u00e9sica Paz. <\/p>\n\n\n\n<p>La foto es gentileza de <strong>Ok FM Arroyito<\/strong>.<\/p>\n","protected":false},"excerpt":{"rendered":"<p>Fue anoche, en el acceso oeste al paraje. La colisi\u00f3n se produjo entre un Fiat Siena y un Citro\u00ebn. Este&hellip;<\/p>\n","protected":false},"author":3,"featured_media":4431,"comment_status":"closed","ping_status":"open","sticky":false,"template":"","format":"standard","meta":{"footnotes":""},"categories":[824],"tags":[22,23,66,67,836,191,635,637,638,825],"class_list":["post-4430","post","type-post","status-publish","format-standard","has-post-thumbnail","hentry","category-policiales-online","tag-accidente","tag-accidentes","tag-arroyito","tag-arroyito-cordoba","tag-arroyito-online","tag-choque","tag-policia","tag-policiales","tag-policiales-arroyito","tag-policiales-online"],"_links":{"self":[{"href":"https:\/\/arroyitoonline.com.ar\/index.php?rest_route=\/wp\/v2\/posts\/4430","targetHints":{"allow":["GET"]}}],"collection":[{"href":"https:\/\/arroyitoonline.com.ar\/index.php?rest_route=\/wp\/v2\/posts"}],"about":[{"href":"https:\/\/arroyitoonline.com.ar\/index.php?rest_route=\/wp\/v2\/types\/post"}],"author":[{"embeddable":true,"href":"https:\/\/arroyitoonline.com.ar\/index.php?rest_route=\/wp\/v2\/users\/3"}],"replies":[{"embeddable":true,"href":"https:\/\/arroyitoonline.com.ar\/index.php?rest_route=%2Fwp%2Fv2%2Fcomments&post=4430"}],"version-history":[{"count":2,"href":"https:\/\/arroyitoonline.com.ar\/index.php?rest_route=\/wp\/v2\/posts\/4430\/revisions"}],"predecessor-version":[{"id":4433,"href":"https:\/\/arroyitoonline.com.ar\/index.php?rest_route=\/wp\/v2\/posts\/4430\/revisions\/4433"}],"wp:featuredmedia":[{"embeddable":true,"href":"https:\/\/arroyitoonline.com.ar\/index.php?rest_route=\/wp\/v2\/media\/4431"}],"wp:attachment":[{"href":"https:\/\/arroyitoonline.com.ar\/index.php?rest_route=%2Fwp%2Fv2%2Fmedia&parent=4430"}],"wp:term":[{"taxonomy":"category","embeddable":true,"href":"https:\/\/arroyitoonline.com.ar\/index.php?rest_route=%2Fwp%2Fv2%2Fcategories&post=4430"},{"taxonomy":"post_tag","embeddable":true,"href":"https:\/\/arroyitoonline.com.ar\/index.php?rest_route=%2Fwp%2Fv2%2Ftags&post=4430"}],"curies":[{"name":"wp","href":"https:\/\/api.w.org\/{rel}","templated":true}]}}