{"id":4440,"date":"2019-06-25T19:35:45","date_gmt":"2019-06-25T19:35:45","guid":{"rendered":"https:\/\/arroyitoonline.com.ar\/?p=4440"},"modified":"2019-07-01T19:43:06","modified_gmt":"2019-07-01T19:43:06","slug":"graciela-brarda-dono-86-libros-a-la-biblioteca","status":"publish","type":"post","link":"https:\/\/arroyitoonline.com.ar\/?p=4440","title":{"rendered":"Graciela Brarda don\u00f3 86 libros a la Biblioteca"},"content":{"rendered":"\n<p><strong>La legisladora provincial otorg\u00f3 ejemplares de variados temas y g\u00e9neros literarios. <\/strong><\/p>\n\n\n\n<p>El pasado viernes 14, en el marco del Programa Estimulo a las Editoriales y Editores cordobeses, la legisladora Graciela Brarda hizo entrega de 86 libros; una importante donaci\u00f3n de ejemplares de los m\u00e1s variados temas y g\u00e9neros literarios.<\/p>\n\n\n\n<p>La edil aprovech\u00f3 esta oportunidad para hacerles entrega del mismo beneficio a otras dos Bibliotecas de localidades vecinas, contando con la presencia de autoridades de las Bibliotecas Populares Jos\u00e9 Marcial Vaudagna, de La Tordilla, y Haydee Robledo, de Colonia Las Pichanas.<\/p>\n\n\n\n<p><em>&#8220;Seguimos trabajando por nuestra Instituci\u00f3n, gestionando y participando de forma activa siempre en b\u00fasqueda del crecimiento&#8221;<\/em>, se\u00f1alaron desde la instituci\u00f3n local. <\/p>\n\n\n\n<p>Fuente: Prensa Municipal. <\/p>\n","protected":false},"excerpt":{"rendered":"<p>La legisladora provincial otorg\u00f3 ejemplares de variados temas y g\u00e9neros literarios. El pasado viernes 14, en el marco del Programa&hellip;<\/p>\n","protected":false},"author":3,"featured_media":4441,"comment_status":"closed","ping_status":"open","sticky":false,"template":"","format":"standard","meta":{"footnotes":""},"categories":[2],"tags":[66,67,836,117,886,404,405,489,995,499,572],"class_list":["post-4440","post","type-post","status-publish","format-standard","has-post-thumbnail","hentry","category-cultura-y-espectaculos","tag-arroyito","tag-arroyito-cordoba","tag-arroyito-online","tag-biblioteca","tag-biblioteca-municipal-popular-almafuerte","tag-gobierno-de-cordoba","tag-gobierno-de-la-provincia","tag-lectura","tag-legislatura","tag-literatura","tag-noticias-de-arroyito-y-zona"],"_links":{"self":[{"href":"https:\/\/arroyitoonline.com.ar\/index.php?rest_route=\/wp\/v2\/posts\/4440","targetHints":{"allow":["GET"]}}],"collection":[{"href":"https:\/\/arroyitoonline.com.ar\/index.php?rest_route=\/wp\/v2\/posts"}],"about":[{"href":"https:\/\/arroyitoonline.com.ar\/index.php?rest_route=\/wp\/v2\/types\/post"}],"author":[{"embeddable":true,"href":"https:\/\/arroyitoonline.com.ar\/index.php?rest_route=\/wp\/v2\/users\/3"}],"replies":[{"embeddable":true,"href":"https:\/\/arroyitoonline.com.ar\/index.php?rest_route=%2Fwp%2Fv2%2Fcomments&post=4440"}],"version-history":[{"count":1,"href":"https:\/\/arroyitoonline.com.ar\/index.php?rest_route=\/wp\/v2\/posts\/4440\/revisions"}],"predecessor-version":[{"id":4442,"href":"https:\/\/arroyitoonline.com.ar\/index.php?rest_route=\/wp\/v2\/posts\/4440\/revisions\/4442"}],"wp:featuredmedia":[{"embeddable":true,"href":"https:\/\/arroyitoonline.com.ar\/index.php?rest_route=\/wp\/v2\/media\/4441"}],"wp:attachment":[{"href":"https:\/\/arroyitoonline.com.ar\/index.php?rest_route=%2Fwp%2Fv2%2Fmedia&parent=4440"}],"wp:term":[{"taxonomy":"category","embeddable":true,"href":"https:\/\/arroyitoonline.com.ar\/index.php?rest_route=%2Fwp%2Fv2%2Fcategories&post=4440"},{"taxonomy":"post_tag","embeddable":true,"href":"https:\/\/arroyitoonline.com.ar\/index.php?rest_route=%2Fwp%2Fv2%2Ftags&post=4440"}],"curies":[{"name":"wp","href":"https:\/\/api.w.org\/{rel}","templated":true}]}}