{"id":4446,"date":"2019-07-02T01:45:24","date_gmt":"2019-07-02T01:45:24","guid":{"rendered":"https:\/\/arroyitoonline.com.ar\/?p=4446"},"modified":"2019-07-02T01:45:26","modified_gmt":"2019-07-02T01:45:26","slug":"la-aldena-abrio-su-cafeteria-en-la-emblematica-esquina-de-san-martin-y-sarmiento","status":"publish","type":"post","link":"https:\/\/arroyitoonline.com.ar\/?p=4446","title":{"rendered":"La Aldena abri\u00f3 su cafeter\u00eda en la emblem\u00e1tica esquina de San Mart\u00edn y Sarmiento"},"content":{"rendered":"\n<p><strong>Jos\u00e9 Luis Bassano, Rosana Camandona y sus hijos conforman una familia emprendedora por excelencia, que siempre piensa en sus fieles clientes. <\/strong><\/p>\n\n\n\n<p>La familia constituida por Jos\u00e9 Luis Bassano, Rosana Camandona y sus hijos lleg\u00f3 a Arroyito en febrero de 2001, a meses de que se desatara la crisis econ\u00f3mica que tuvo su punto \u00e1lgido con la renuncia del presidente De La R\u00faa.<\/p>\n\n\n\n<figure class=\"wp-block-image\"><img loading=\"lazy\" decoding=\"async\" width=\"1024\" height=\"576\" src=\"https:\/\/arroyitoonline.com.ar\/wp-content\/uploads\/2019\/07\/la-aldeana-caf\u00e9-2-1024x576.jpg\" alt=\"\" class=\"wp-image-4449\" srcset=\"https:\/\/arroyitoonline.com.ar\/wp-content\/uploads\/2019\/07\/la-aldeana-caf\u00e9-2-1024x576.jpg 1024w, https:\/\/arroyitoonline.com.ar\/wp-content\/uploads\/2019\/07\/la-aldeana-caf\u00e9-2-300x169.jpg 300w, https:\/\/arroyitoonline.com.ar\/wp-content\/uploads\/2019\/07\/la-aldeana-caf\u00e9-2-768x432.jpg 768w, https:\/\/arroyitoonline.com.ar\/wp-content\/uploads\/2019\/07\/la-aldeana-caf\u00e9-2.jpg 2048w\" sizes=\"auto, (max-width: 1024px) 100vw, 1024px\" \/><figcaption><em>Una familia emprendedora<\/em><\/figcaption><\/figure>\n\n\n\n<p>Con el \u00edmpetu que los caracteriza abrieron, en el coraz\u00f3n de la localidad, las puertas del comercio que ya es una tradici\u00f3n de sabores inconfundibles, La Aldena. <\/p>\n\n\n\n<p>Hoy, con el pa\u00eds sumido en otra crisis que golpea a todo el territorio nacional, y de la que nuestra ciudad no es ajena, decidieron expandirse pensando en sus clientes, motores de su crecimiento ininterrumpido. <\/p>\n\n\n\n<p>Es que desde su mudanza al edificio de San Mart\u00edn 287, hab\u00edan utilizado la intersecci\u00f3n de esa calle y Sarmiento \u2013donde funcionaron a\u00f1os atr\u00e1s- como dep\u00f3sito. All\u00ed coexist\u00edan la helader\u00eda con la cafeter\u00eda, casi siempre a sal\u00f3n lleno.<\/p>\n\n\n\n<figure><iframe loading=\"lazy\" src=\"https:\/\/www.facebook.com\/plugins\/video.php?href=https%3A%2F%2Fwww.facebook.com%2Farroyitoonlineoficial%2Fvideos%2F343541376561660%2F&amp;show_text=0&amp;width=560\" width=\"560\" height=\"315\" allowfullscreen=\"true\"><\/iframe><\/figure>\n\n\n\n<p>Hace tiempo, a esta familia emprendedora se le ocurri\u00f3 la idea de que deb\u00edan ampliarse las instalaciones dividiendo los rubros, para mayor comodidad de quienes asisten, ya sea a tomarse el cl\u00e1sico helado artesanal que elaboran, como para disfrutar de un caf\u00e9. <\/p>\n\n\n\n<p>Por ello reacondicionaron el emblem\u00e1tico inmueble de esa esquina tan protagonista del centro de la ciudad y lo ambientaron con muebles antiguos, vajillas de porcelana y murales de gran tama\u00f1o. La fusi\u00f3n de lo cl\u00e1sico y lo moderno crea un microclima que invita a quedarse. <\/p>\n\n\n\n<p>La Aldeana, ahora cuenta con dos sectores para el disfrute de quienes la eligen, desde hace 18 a\u00f1os, por la calidad de los productos que ofrece y por esa sensaci\u00f3n de hogar que se experimenta en cada uno de sus espacios.<\/p>\n","protected":false},"excerpt":{"rendered":"<p>Jos\u00e9 Luis Bassano, Rosana Camandona y sus hijos conforman una familia emprendedora por excelencia, que siempre piensa en sus fieles&hellip;<\/p>\n","protected":false},"author":3,"featured_media":4448,"comment_status":"closed","ping_status":"open","sticky":false,"template":"","format":"standard","meta":{"footnotes":""},"categories":[996],"tags":[66,67,836,217,325,326,572],"class_list":["post-4446","post","type-post","status-publish","format-standard","has-post-thumbnail","hentry","category-comercio","tag-arroyito","tag-arroyito-cordoba","tag-arroyito-online","tag-comercio","tag-emprendedores","tag-emprendimientos","tag-noticias-de-arroyito-y-zona"],"_links":{"self":[{"href":"https:\/\/arroyitoonline.com.ar\/index.php?rest_route=\/wp\/v2\/posts\/4446","targetHints":{"allow":["GET"]}}],"collection":[{"href":"https:\/\/arroyitoonline.com.ar\/index.php?rest_route=\/wp\/v2\/posts"}],"about":[{"href":"https:\/\/arroyitoonline.com.ar\/index.php?rest_route=\/wp\/v2\/types\/post"}],"author":[{"embeddable":true,"href":"https:\/\/arroyitoonline.com.ar\/index.php?rest_route=\/wp\/v2\/users\/3"}],"replies":[{"embeddable":true,"href":"https:\/\/arroyitoonline.com.ar\/index.php?rest_route=%2Fwp%2Fv2%2Fcomments&post=4446"}],"version-history":[{"count":1,"href":"https:\/\/arroyitoonline.com.ar\/index.php?rest_route=\/wp\/v2\/posts\/4446\/revisions"}],"predecessor-version":[{"id":4450,"href":"https:\/\/arroyitoonline.com.ar\/index.php?rest_route=\/wp\/v2\/posts\/4446\/revisions\/4450"}],"wp:featuredmedia":[{"embeddable":true,"href":"https:\/\/arroyitoonline.com.ar\/index.php?rest_route=\/wp\/v2\/media\/4448"}],"wp:attachment":[{"href":"https:\/\/arroyitoonline.com.ar\/index.php?rest_route=%2Fwp%2Fv2%2Fmedia&parent=4446"}],"wp:term":[{"taxonomy":"category","embeddable":true,"href":"https:\/\/arroyitoonline.com.ar\/index.php?rest_route=%2Fwp%2Fv2%2Fcategories&post=4446"},{"taxonomy":"post_tag","embeddable":true,"href":"https:\/\/arroyitoonline.com.ar\/index.php?rest_route=%2Fwp%2Fv2%2Ftags&post=4446"}],"curies":[{"name":"wp","href":"https:\/\/api.w.org\/{rel}","templated":true}]}}