{"id":4457,"date":"2019-07-02T12:15:39","date_gmt":"2019-07-02T12:15:39","guid":{"rendered":"https:\/\/arroyitoonline.com.ar\/?p=4457"},"modified":"2019-07-03T02:47:06","modified_gmt":"2019-07-03T02:47:06","slug":"alumnos-y-docentes-velezanos-viajan-a-alcira-gigena-para-la-observacion-del-eclipse","status":"publish","type":"post","link":"https:\/\/arroyitoonline.com.ar\/?p=4457","title":{"rendered":"Alumnos y docentes velezanos viajan a Alcira Gigena para la observaci\u00f3n del eclipse"},"content":{"rendered":"\n<p><strong>La elecci\u00f3n de la\nlocalidad surge de una capacitaci\u00f3n tomada por el Prof. Walter Roberts y es\nporque se encuentra sobre el cono de sombra de este fen\u00f3meno natural.<\/strong><\/p>\n\n\n\n<p>Tiempo atr\u00e1s, el Ministerio de Educaci\u00f3n convoc\u00f3 a los\ndocentes del sistema educativo provincial a una capacitaci\u00f3n sobre el eclipse\ntotal de sol. Los cursos se desarrollaron durante el mes de junio en el Centro\nde Ciencias Plaza Cielo y Tierra de la Capital cordobesa. <\/p>\n\n\n\n<p>Por la Escuela Dr. Dalmacio V\u00e9lez Sarsfield asisti\u00f3 el\nProf.&nbsp;Walter Roberts, quien comenz\u00f3 a trabajar para la articulaci\u00f3n de un\nproyecto juntamente con la Escuela Normal Superior Jos\u00e9 Manuel Estrada de\nAlcira Gigena.<\/p>\n\n\n\n<p>La elecci\u00f3n de esta localidad fue en funci\u00f3n de la\ncapacitaci\u00f3n realizada por el docente velezano sobre el fen\u00f3meno, donde le\nindicaron que ser\u00e1 ese lugar uno de los puntos privilegiados para la\nobservaci\u00f3n del eclipse total del sol; ya que Alcira Gigena se encuentra sobre\nel cono de sombra de este fen\u00f3meno natural.<\/p>\n\n\n\n<figure class=\"wp-block-image\"><img loading=\"lazy\" decoding=\"async\" width=\"960\" height=\"478\" src=\"https:\/\/arroyitoonline.com.ar\/wp-content\/uploads\/2019\/07\/eclipse-de-sol.jpg\" alt=\"\" class=\"wp-image-4461\" srcset=\"https:\/\/arroyitoonline.com.ar\/wp-content\/uploads\/2019\/07\/eclipse-de-sol.jpg 960w, https:\/\/arroyitoonline.com.ar\/wp-content\/uploads\/2019\/07\/eclipse-de-sol-300x149.jpg 300w, https:\/\/arroyitoonline.com.ar\/wp-content\/uploads\/2019\/07\/eclipse-de-sol-768x382.jpg 768w\" sizes=\"auto, (max-width: 960px) 100vw, 960px\" \/><\/figure>\n\n\n\n<p>El proyecto tiene tres momentos inici\u00e1ndose cuando el grupo\nde alumnos, motivados para que profundicen sobre el eclipse, buscaron y\nseleccionaron informaci\u00f3n, elaboraron dispositivos para la observaci\u00f3n\nindirecta del fen\u00f3meno y construyeron modelos para interpretarlo.&nbsp;<\/p>\n\n\n\n<p>Hoy, desde la instituci\u00f3n educativa\ncompartir\u00e1n el segundo momento, cuando 15 de sus alumnos y tres de sus\ndocentes viajen hasta Alcira Gigena para la observaci\u00f3n el fen\u00f3meno, mientras\nque el tercero ser\u00e1 a su retorno donde socializar\u00e1n esta experiencia.<\/p>\n","protected":false},"excerpt":{"rendered":"<p>La elecci\u00f3n de la localidad surge de una capacitaci\u00f3n tomada por el Prof. Walter Roberts y es porque se encuentra&hellip;<\/p>\n","protected":false},"author":3,"featured_media":4469,"comment_status":"closed","ping_status":"open","sticky":false,"template":"","format":"standard","meta":{"footnotes":""},"categories":[830],"tags":[66,67,836,997,310,888,572,793],"class_list":["post-4457","post","type-post","status-publish","format-standard","has-post-thumbnail","hentry","category-educacion-online","tag-arroyito","tag-arroyito-cordoba","tag-arroyito-online","tag-eclipse-de-sol","tag-educacion","tag-escuela-dr-dalmacio-velez-sarsfield","tag-noticias-de-arroyito-y-zona","tag-velez-sarsfield"],"_links":{"self":[{"href":"https:\/\/arroyitoonline.com.ar\/index.php?rest_route=\/wp\/v2\/posts\/4457","targetHints":{"allow":["GET"]}}],"collection":[{"href":"https:\/\/arroyitoonline.com.ar\/index.php?rest_route=\/wp\/v2\/posts"}],"about":[{"href":"https:\/\/arroyitoonline.com.ar\/index.php?rest_route=\/wp\/v2\/types\/post"}],"author":[{"embeddable":true,"href":"https:\/\/arroyitoonline.com.ar\/index.php?rest_route=\/wp\/v2\/users\/3"}],"replies":[{"embeddable":true,"href":"https:\/\/arroyitoonline.com.ar\/index.php?rest_route=%2Fwp%2Fv2%2Fcomments&post=4457"}],"version-history":[{"count":2,"href":"https:\/\/arroyitoonline.com.ar\/index.php?rest_route=\/wp\/v2\/posts\/4457\/revisions"}],"predecessor-version":[{"id":4462,"href":"https:\/\/arroyitoonline.com.ar\/index.php?rest_route=\/wp\/v2\/posts\/4457\/revisions\/4462"}],"wp:featuredmedia":[{"embeddable":true,"href":"https:\/\/arroyitoonline.com.ar\/index.php?rest_route=\/wp\/v2\/media\/4469"}],"wp:attachment":[{"href":"https:\/\/arroyitoonline.com.ar\/index.php?rest_route=%2Fwp%2Fv2%2Fmedia&parent=4457"}],"wp:term":[{"taxonomy":"category","embeddable":true,"href":"https:\/\/arroyitoonline.com.ar\/index.php?rest_route=%2Fwp%2Fv2%2Fcategories&post=4457"},{"taxonomy":"post_tag","embeddable":true,"href":"https:\/\/arroyitoonline.com.ar\/index.php?rest_route=%2Fwp%2Fv2%2Ftags&post=4457"}],"curies":[{"name":"wp","href":"https:\/\/api.w.org\/{rel}","templated":true}]}}