{"id":4476,"date":"2019-06-25T12:51:13","date_gmt":"2019-06-25T12:51:13","guid":{"rendered":"https:\/\/arroyitoonline.com.ar\/?p=4476"},"modified":"2019-07-03T12:57:35","modified_gmt":"2019-07-03T12:57:35","slug":"el-consejo-de-ninas-y-ninos-se-sumo-a-la-campana-por-los-30-anos-de-la-convencion-de-sus-derechos","status":"publish","type":"post","link":"https:\/\/arroyitoonline.com.ar\/?p=4476","title":{"rendered":"El Consejo de Ni\u00f1as y Ni\u00f1os se sum\u00f3 a la Campa\u00f1a por los 30 a\u00f1os de la Convenci\u00f3n de sus derechos"},"content":{"rendered":"\n<p><strong>Los chicos aportaron alegr\u00eda, entusiasmo y color e invitaron a los vecinos a que conozcan y reflexionen sobre los Derechos de los Ni\u00f1os.\u00a0\u00a0 <\/strong><\/p>\n\n\n\n<p>En el marco de la Campa\u00f1a Nacional de Difusi\u00f3n de los 30 a\u00f1os de Convenci\u00f3n de los Derechos de las Ni\u00f1as y los Ni\u00f1os, el pasado s\u00e1bado el Consejo de Ni\u00f1as y Ni\u00f1os se reuni\u00f3 en su espacio habitual para la elaboraci\u00f3n de un video que ser\u00e1 publicado en todo el pa\u00eds.<\/p>\n\n\n\n<p>Con motivo de la propagaci\u00f3n del Art. 42 de la Convenci\u00f3n <em>\u201cLos Estados Partes se comprometen a dar a conocer ampliamente los principios y disposiciones de la Convenci\u00f3n por medios eficaces y apropiados, tanto a los adultos como a los ni\u00f1os\u201d<\/em>, el Consejo de Ni\u00f1as y Ni\u00f1os, proyecto que se impuls\u00f3 en el Municipio en el a\u00f1o 2017 y forma parte de la Red Latinoamericana de Ciudades de los Ni\u00f1os, se suma a esta masiva campa\u00f1a con la intenci\u00f3n de que llegue a cada punto del pa\u00eds.<\/p>\n\n\n\n<p>En horas de la ma\u00f1ana los chicos aportaron alegr\u00eda, entusiasmo y color e invitaron a los vecinos a que conozcan y reflexionen sobre los Derechos de los Ni\u00f1os.\u00a0\u00a0<\/p>\n\n\n\n<p>Fuente: Prensa Municipal. <\/p>\n","protected":false},"excerpt":{"rendered":"<p>Los chicos aportaron alegr\u00eda, entusiasmo y color e invitaron a los vecinos a que conozcan y reflexionen sobre los Derechos&hellip;<\/p>\n","protected":false},"author":3,"featured_media":4477,"comment_status":"closed","ping_status":"open","sticky":false,"template":"","format":"standard","meta":{"footnotes":""},"categories":[962],"tags":[66,67,836,233,570,572],"class_list":["post-4476","post","type-post","status-publish","format-standard","has-post-thumbnail","hentry","category-ninez-y-adolescencia","tag-arroyito","tag-arroyito-cordoba","tag-arroyito-online","tag-consejo-de-ninos","tag-ninez","tag-noticias-de-arroyito-y-zona"],"_links":{"self":[{"href":"https:\/\/arroyitoonline.com.ar\/index.php?rest_route=\/wp\/v2\/posts\/4476","targetHints":{"allow":["GET"]}}],"collection":[{"href":"https:\/\/arroyitoonline.com.ar\/index.php?rest_route=\/wp\/v2\/posts"}],"about":[{"href":"https:\/\/arroyitoonline.com.ar\/index.php?rest_route=\/wp\/v2\/types\/post"}],"author":[{"embeddable":true,"href":"https:\/\/arroyitoonline.com.ar\/index.php?rest_route=\/wp\/v2\/users\/3"}],"replies":[{"embeddable":true,"href":"https:\/\/arroyitoonline.com.ar\/index.php?rest_route=%2Fwp%2Fv2%2Fcomments&post=4476"}],"version-history":[{"count":1,"href":"https:\/\/arroyitoonline.com.ar\/index.php?rest_route=\/wp\/v2\/posts\/4476\/revisions"}],"predecessor-version":[{"id":4478,"href":"https:\/\/arroyitoonline.com.ar\/index.php?rest_route=\/wp\/v2\/posts\/4476\/revisions\/4478"}],"wp:featuredmedia":[{"embeddable":true,"href":"https:\/\/arroyitoonline.com.ar\/index.php?rest_route=\/wp\/v2\/media\/4477"}],"wp:attachment":[{"href":"https:\/\/arroyitoonline.com.ar\/index.php?rest_route=%2Fwp%2Fv2%2Fmedia&parent=4476"}],"wp:term":[{"taxonomy":"category","embeddable":true,"href":"https:\/\/arroyitoonline.com.ar\/index.php?rest_route=%2Fwp%2Fv2%2Fcategories&post=4476"},{"taxonomy":"post_tag","embeddable":true,"href":"https:\/\/arroyitoonline.com.ar\/index.php?rest_route=%2Fwp%2Fv2%2Ftags&post=4476"}],"curies":[{"name":"wp","href":"https:\/\/api.w.org\/{rel}","templated":true}]}}