{"id":4492,"date":"2019-06-27T14:09:09","date_gmt":"2019-06-27T14:09:09","guid":{"rendered":"https:\/\/arroyitoonline.com.ar\/?p=4492"},"modified":"2019-07-03T14:35:51","modified_gmt":"2019-07-03T14:35:51","slug":"el-consejo-de-la-mujer-brindo-una-charla-en-el-magisterio-del-insm","status":"publish","type":"post","link":"https:\/\/arroyitoonline.com.ar\/?p=4492","title":{"rendered":"El Consejo de la Mujer brind\u00f3 una charla en el Magisterio del INSM"},"content":{"rendered":"\n<p><strong>La charla sobre diversos aspectos de la violencia de g\u00e9nero estuvo a cargo de la psic\u00f3loga Magal\u00ed Ledesma. <\/strong><\/p>\n\n\n\n<p>El martes 25 de junio, D\u00eda Naranja, se desarroll\u00f3 una charla en el Nivel Terciario del Instituto Nuestra Se\u00f1ora de la Merced, coordinado por la psic\u00f3loga Magal\u00ed Ledesma. En el encuentro se trataron diversas aristas de un tema tan amplio como es la violencia de g\u00e9nero. <\/p>\n\n\n\n<p>Entre los puntos analizados se encuentran las justificaciones culturales, los roles socialmente determinados en el hombre y la mujer, diferentes modalidades y ciclos de la violencia de g\u00e9nero y cu\u00e1ndo se estructura un v\u00ednculo violento, entre otros.\u00a0<\/p>\n\n\n\n<p>Participaron de la actividad alumnos de los niveles primario e inicial del Magisterio, como as\u00ed tambi\u00e9n profesoras del establecimiento educativo.\u00a0<\/p>\n\n\n\n<p>Estuvieron presentes la viceintendente Graciela Tristany, la secretaria Privada del intendente Marcela Ferreyra y la coordinadora del Consejo de la Mujer Edith Brav\u00edn.<\/p>\n\n\n\n<p>Fuente: Prensa Municipal. <\/p>\n","protected":false},"excerpt":{"rendered":"<p>La charla sobre diversos aspectos de la violencia de g\u00e9nero estuvo a cargo de la psic\u00f3loga Magal\u00ed Ledesma. El martes&hellip;<\/p>\n","protected":false},"author":3,"featured_media":4493,"comment_status":"closed","ping_status":"open","sticky":false,"template":"","format":"standard","meta":{"footnotes":""},"categories":[5],"tags":[66,67,836,232,550,551,572,661,808,809,810],"class_list":["post-4492","post","type-post","status-publish","format-standard","has-post-thumbnail","hentry","category-infomujer","tag-arroyito","tag-arroyito-cordoba","tag-arroyito-online","tag-consejo-de-la-mujer","tag-mujeres","tag-mujeres-arroyito","tag-noticias-de-arroyito-y-zona","tag-psicologia","tag-violencia","tag-violencia-de-genero","tag-violencia-familiar"],"_links":{"self":[{"href":"https:\/\/arroyitoonline.com.ar\/index.php?rest_route=\/wp\/v2\/posts\/4492","targetHints":{"allow":["GET"]}}],"collection":[{"href":"https:\/\/arroyitoonline.com.ar\/index.php?rest_route=\/wp\/v2\/posts"}],"about":[{"href":"https:\/\/arroyitoonline.com.ar\/index.php?rest_route=\/wp\/v2\/types\/post"}],"author":[{"embeddable":true,"href":"https:\/\/arroyitoonline.com.ar\/index.php?rest_route=\/wp\/v2\/users\/3"}],"replies":[{"embeddable":true,"href":"https:\/\/arroyitoonline.com.ar\/index.php?rest_route=%2Fwp%2Fv2%2Fcomments&post=4492"}],"version-history":[{"count":1,"href":"https:\/\/arroyitoonline.com.ar\/index.php?rest_route=\/wp\/v2\/posts\/4492\/revisions"}],"predecessor-version":[{"id":4494,"href":"https:\/\/arroyitoonline.com.ar\/index.php?rest_route=\/wp\/v2\/posts\/4492\/revisions\/4494"}],"wp:featuredmedia":[{"embeddable":true,"href":"https:\/\/arroyitoonline.com.ar\/index.php?rest_route=\/wp\/v2\/media\/4493"}],"wp:attachment":[{"href":"https:\/\/arroyitoonline.com.ar\/index.php?rest_route=%2Fwp%2Fv2%2Fmedia&parent=4492"}],"wp:term":[{"taxonomy":"category","embeddable":true,"href":"https:\/\/arroyitoonline.com.ar\/index.php?rest_route=%2Fwp%2Fv2%2Fcategories&post=4492"},{"taxonomy":"post_tag","embeddable":true,"href":"https:\/\/arroyitoonline.com.ar\/index.php?rest_route=%2Fwp%2Fv2%2Ftags&post=4492"}],"curies":[{"name":"wp","href":"https:\/\/api.w.org\/{rel}","templated":true}]}}