{"id":4495,"date":"2019-07-03T14:53:15","date_gmt":"2019-07-03T14:53:15","guid":{"rendered":"https:\/\/arroyitoonline.com.ar\/?p=4495"},"modified":"2019-07-03T14:53:16","modified_gmt":"2019-07-03T14:53:16","slug":"celebraron-el-dia-del-tango","status":"publish","type":"post","link":"https:\/\/arroyitoonline.com.ar\/?p=4495","title":{"rendered":"Celebraron el D\u00eda del Tango"},"content":{"rendered":"\n<p><strong>Fue en el marco del 84\u00b0 Aniversario de la desaparici\u00f3n f\u00edsica de Carlos Gardel.<\/strong><\/p>\n\n\n\n<p>El domingo 30 se realiz\u00f3 el Homenaje al Tango, en conmemoraci\u00f3n del 84\u00b0 Aniversario de la desaparici\u00f3n f\u00edsica de Carlos Gardel, fiel exponente de este g\u00e9nero musical en todo el mundo.\u00a0<\/p>\n\n\n\n<p>En ese marco el p\u00fablico que acudi\u00f3 al evento vivi\u00f3 momentos emotivos con la participaci\u00f3n del Coro de C\u00e1mara, dirigido por el profesor Joel Coronel, el Ballet Municipal representado por Melisa El\u00edas y Ramiro Capdevilla, las parejas de tango\u00a0conformadas por Paola Aub\u00e1n y Diego Suarez, Rosa y Jorge Mansilla y el broche de oro con la actuaci\u00f3n de Horacio Burgos, en la guitarra, y la voz de Daniel Simmons.<\/p>\n\n\n\n<p>En la ocasi\u00f3n, el intendente Mauricio Cravero se dirigi\u00f3 a los presentes agradeciendo a los artistas e instando a que contin\u00faen con estos homenajes que hacen al acervo cultural de un pa\u00eds.<\/p>\n\n\n\n<p>Fuente: Prensa Municipal. <\/p>\n","protected":false},"excerpt":{"rendered":"<p>Fue en el marco del 84\u00b0 Aniversario de la desaparici\u00f3n f\u00edsica de Carlos Gardel. El domingo 30 se realiz\u00f3 el&hellip;<\/p>\n","protected":false},"author":3,"featured_media":4496,"comment_status":"closed","ping_status":"open","sticky":false,"template":"","format":"standard","meta":{"footnotes":""},"categories":[2],"tags":[66,67,836,253,259,864,527,556,559,572,750],"class_list":["post-4495","post","type-post","status-publish","format-standard","has-post-thumbnail","hentry","category-cultura-y-espectaculos","tag-arroyito","tag-arroyito-cordoba","tag-arroyito-online","tag-cravero","tag-cultura","tag-cultura-y-espectaculos-online","tag-mauricio-cravero","tag-municipalidad-de-arroyito","tag-musica","tag-noticias-de-arroyito-y-zona","tag-tango"],"_links":{"self":[{"href":"https:\/\/arroyitoonline.com.ar\/index.php?rest_route=\/wp\/v2\/posts\/4495","targetHints":{"allow":["GET"]}}],"collection":[{"href":"https:\/\/arroyitoonline.com.ar\/index.php?rest_route=\/wp\/v2\/posts"}],"about":[{"href":"https:\/\/arroyitoonline.com.ar\/index.php?rest_route=\/wp\/v2\/types\/post"}],"author":[{"embeddable":true,"href":"https:\/\/arroyitoonline.com.ar\/index.php?rest_route=\/wp\/v2\/users\/3"}],"replies":[{"embeddable":true,"href":"https:\/\/arroyitoonline.com.ar\/index.php?rest_route=%2Fwp%2Fv2%2Fcomments&post=4495"}],"version-history":[{"count":1,"href":"https:\/\/arroyitoonline.com.ar\/index.php?rest_route=\/wp\/v2\/posts\/4495\/revisions"}],"predecessor-version":[{"id":4497,"href":"https:\/\/arroyitoonline.com.ar\/index.php?rest_route=\/wp\/v2\/posts\/4495\/revisions\/4497"}],"wp:featuredmedia":[{"embeddable":true,"href":"https:\/\/arroyitoonline.com.ar\/index.php?rest_route=\/wp\/v2\/media\/4496"}],"wp:attachment":[{"href":"https:\/\/arroyitoonline.com.ar\/index.php?rest_route=%2Fwp%2Fv2%2Fmedia&parent=4495"}],"wp:term":[{"taxonomy":"category","embeddable":true,"href":"https:\/\/arroyitoonline.com.ar\/index.php?rest_route=%2Fwp%2Fv2%2Fcategories&post=4495"},{"taxonomy":"post_tag","embeddable":true,"href":"https:\/\/arroyitoonline.com.ar\/index.php?rest_route=%2Fwp%2Fv2%2Ftags&post=4495"}],"curies":[{"name":"wp","href":"https:\/\/api.w.org\/{rel}","templated":true}]}}