{"id":4542,"date":"2019-07-07T18:22:25","date_gmt":"2019-07-07T18:22:25","guid":{"rendered":"https:\/\/arroyitoonline.com.ar\/?p=4542"},"modified":"2019-07-07T18:22:27","modified_gmt":"2019-07-07T18:22:27","slug":"con-sonidos-y-pinceles-inicia-el-ciclo-patio-de-arte-en-el-museo","status":"publish","type":"post","link":"https:\/\/arroyitoonline.com.ar\/?p=4542","title":{"rendered":"Con Sonidos y Pinceles, inicia el ciclo Patio de Arte en el Museo"},"content":{"rendered":"\n<p><strong>En la v\u00edspera del D\u00eda de la Independencia, los asistentes disfrutar\u00e1n de los cuadros de Francisco Farnochi y la m\u00fasica de ConFusi\u00f3n. <\/strong><\/p>\n\n\n\n<p>Este lunes 8 de julio, d\u00eda no laborable puente tur\u00edstico y v\u00edspera de la celebraci\u00f3n de la Independencia Nacional, a las 17:00 horas, el Museo Municipal Jos\u00e9 D. Mercado desarrollar\u00e1 en su patio, la muestra Sonidos y Pinceles.<\/p>\n\n\n\n<figure class=\"wp-block-image\"><img loading=\"lazy\" decoding=\"async\" width=\"1024\" height=\"609\" src=\"https:\/\/arroyitoonline.com.ar\/wp-content\/uploads\/2019\/07\/sonidos-y-pinceles-1024x609.png\" alt=\"\" class=\"wp-image-4543\" srcset=\"https:\/\/arroyitoonline.com.ar\/wp-content\/uploads\/2019\/07\/sonidos-y-pinceles-1024x609.png 1024w, https:\/\/arroyitoonline.com.ar\/wp-content\/uploads\/2019\/07\/sonidos-y-pinceles-300x178.png 300w, https:\/\/arroyitoonline.com.ar\/wp-content\/uploads\/2019\/07\/sonidos-y-pinceles-768x457.png 768w, https:\/\/arroyitoonline.com.ar\/wp-content\/uploads\/2019\/07\/sonidos-y-pinceles.png 2048w\" sizes=\"auto, (max-width: 1024px) 100vw, 1024px\" \/><figcaption><em>Compart\u00ed\u00a0una\u00a0tarde\u00a0de\u00a0pintura,\u00a0m\u00fasica\u00a0y\u00a0caf\u00e9<\/em><\/figcaption><\/figure>\n\n\n\n<p>Ser\u00e1 una tarde para compartir con la participaci\u00f3n del artista pl\u00e1stico Francisco Farnochi y la banda ConFusi\u00f3n, que presentar\u00e1 un show ac\u00fastico, en un ambiente calefaccionado, a trav\u00e9s de charlas amenizadas con rico caf\u00e9.\u00a0<\/p>\n\n\n\n<p>La ciudad comienza las vacaciones de julio y la dependencia municipal propone, para esta \u00e9poca invernal, el Patio de Arte en el Museo, con entrada libre y gratuita.<\/p>\n\n\n\n<p>Fuente: Prensa Municipal. <\/p>\n\n\n\n<p>Foto de archivo Arroyito Online, en Palco Cincuentenaria.<\/p>\n","protected":false},"excerpt":{"rendered":"<p>En la v\u00edspera del D\u00eda de la Independencia, los asistentes disfrutar\u00e1n de los cuadros de Francisco Farnochi y la m\u00fasica&hellip;<\/p>\n","protected":false},"author":3,"featured_media":4544,"comment_status":"closed","ping_status":"open","sticky":false,"template":"","format":"standard","meta":{"footnotes":""},"categories":[2],"tags":[66,67,836,259,864,556,558,930,559,572,781],"class_list":["post-4542","post","type-post","status-publish","format-standard","has-post-thumbnail","hentry","category-cultura-y-espectaculos","tag-arroyito","tag-arroyito-cordoba","tag-arroyito-online","tag-cultura","tag-cultura-y-espectaculos-online","tag-municipalidad-de-arroyito","tag-museo","tag-museo-historico-municipal-jose-domingo-mercado","tag-musica","tag-noticias-de-arroyito-y-zona","tag-umia"],"_links":{"self":[{"href":"https:\/\/arroyitoonline.com.ar\/index.php?rest_route=\/wp\/v2\/posts\/4542","targetHints":{"allow":["GET"]}}],"collection":[{"href":"https:\/\/arroyitoonline.com.ar\/index.php?rest_route=\/wp\/v2\/posts"}],"about":[{"href":"https:\/\/arroyitoonline.com.ar\/index.php?rest_route=\/wp\/v2\/types\/post"}],"author":[{"embeddable":true,"href":"https:\/\/arroyitoonline.com.ar\/index.php?rest_route=\/wp\/v2\/users\/3"}],"replies":[{"embeddable":true,"href":"https:\/\/arroyitoonline.com.ar\/index.php?rest_route=%2Fwp%2Fv2%2Fcomments&post=4542"}],"version-history":[{"count":1,"href":"https:\/\/arroyitoonline.com.ar\/index.php?rest_route=\/wp\/v2\/posts\/4542\/revisions"}],"predecessor-version":[{"id":4545,"href":"https:\/\/arroyitoonline.com.ar\/index.php?rest_route=\/wp\/v2\/posts\/4542\/revisions\/4545"}],"wp:featuredmedia":[{"embeddable":true,"href":"https:\/\/arroyitoonline.com.ar\/index.php?rest_route=\/wp\/v2\/media\/4544"}],"wp:attachment":[{"href":"https:\/\/arroyitoonline.com.ar\/index.php?rest_route=%2Fwp%2Fv2%2Fmedia&parent=4542"}],"wp:term":[{"taxonomy":"category","embeddable":true,"href":"https:\/\/arroyitoonline.com.ar\/index.php?rest_route=%2Fwp%2Fv2%2Fcategories&post=4542"},{"taxonomy":"post_tag","embeddable":true,"href":"https:\/\/arroyitoonline.com.ar\/index.php?rest_route=%2Fwp%2Fv2%2Ftags&post=4542"}],"curies":[{"name":"wp","href":"https:\/\/api.w.org\/{rel}","templated":true}]}}