{"id":4546,"date":"2019-07-05T18:36:07","date_gmt":"2019-07-05T18:36:07","guid":{"rendered":"https:\/\/arroyitoonline.com.ar\/?p=4546"},"modified":"2019-07-07T18:44:21","modified_gmt":"2019-07-07T18:44:21","slug":"el-fuertecito-la-esc-almirante-brown-fue-sede-del-acto-oficial-del-dia-de-la-independencia","status":"publish","type":"post","link":"https:\/\/arroyitoonline.com.ar\/?p=4546","title":{"rendered":"El Fuertecito: la Esc. Almirante Brown fue sede del acto oficial del D\u00eda de la Independencia"},"content":{"rendered":"\n<p><strong>Participaron del evento, autoridades municipales, directivos, docentes, alumnos y p\u00fablico en general. <\/strong><\/p>\n\n\n\n<p>Esta ma\u00f1ana, en la escuela Alte. Guillermo Brown del paraje El Fuertecito, se desarroll\u00f3 el acto conmemorativo por el 203\u00ba Aniversario del D\u00eda de la Independencia Argentina, encabezado por el intendente Mauricio Cravero.<\/p>\n\n\n\n<p>Tambi\u00e9n participaron del evento, la viceintendente\u00a0Graciela Tristany, el secretario de Gobierno Ignacio Cabello, el secretario de Obras P\u00fablicas Daniel Lafarina, el coordinador de Centros Vecinales Oscar Delfabro, concejales, docentes del establecimiento, alumnos padres y p\u00fablico en general.<\/p>\n\n\n\n<p>En 1816 muchas voces se unieron y formaron una sola, la voz del pueblo que reclamaba su independencia. Luego de la revoluci\u00f3n de Mayo, el trabajo y la lucha debieron continuar. Nos hab\u00edamos declarado libres pero todav\u00eda nos faltaba derrotar de manera definitiva a los espa\u00f1oles en el campo de batalla, decidir una forma de gobierno, promulgar una constituci\u00f3n y, por sobre todas las cosas, declararnos y vivir como un pa\u00eds soberano e independiente.<\/p>\n\n\n\n<p>Representando estos momentos trascendentales de nuestra historia, alumnos de la instituci\u00f3n anfitriona, realizaron una coreograf\u00eda representando aquel 9 de julio, en la hist\u00f3rica casa de Tucum\u00e1n.<\/p>\n\n\n\n<p>Fuente: Prensa Municipal. <\/p>\n","protected":false},"excerpt":{"rendered":"<p>Participaron del evento, autoridades municipales, directivos, docentes, alumnos y p\u00fablico en general. Esta ma\u00f1ana, en la escuela Alte. Guillermo Brown&hellip;<\/p>\n","protected":false},"author":3,"featured_media":4547,"comment_status":"closed","ping_status":"open","sticky":false,"template":"","format":"standard","meta":{"footnotes":""},"categories":[830],"tags":[66,67,836,310,315,572],"class_list":["post-4546","post","type-post","status-publish","format-standard","has-post-thumbnail","hentry","category-educacion-online","tag-arroyito","tag-arroyito-cordoba","tag-arroyito-online","tag-educacion","tag-el-fuertecito","tag-noticias-de-arroyito-y-zona"],"_links":{"self":[{"href":"https:\/\/arroyitoonline.com.ar\/index.php?rest_route=\/wp\/v2\/posts\/4546","targetHints":{"allow":["GET"]}}],"collection":[{"href":"https:\/\/arroyitoonline.com.ar\/index.php?rest_route=\/wp\/v2\/posts"}],"about":[{"href":"https:\/\/arroyitoonline.com.ar\/index.php?rest_route=\/wp\/v2\/types\/post"}],"author":[{"embeddable":true,"href":"https:\/\/arroyitoonline.com.ar\/index.php?rest_route=\/wp\/v2\/users\/3"}],"replies":[{"embeddable":true,"href":"https:\/\/arroyitoonline.com.ar\/index.php?rest_route=%2Fwp%2Fv2%2Fcomments&post=4546"}],"version-history":[{"count":1,"href":"https:\/\/arroyitoonline.com.ar\/index.php?rest_route=\/wp\/v2\/posts\/4546\/revisions"}],"predecessor-version":[{"id":4548,"href":"https:\/\/arroyitoonline.com.ar\/index.php?rest_route=\/wp\/v2\/posts\/4546\/revisions\/4548"}],"wp:featuredmedia":[{"embeddable":true,"href":"https:\/\/arroyitoonline.com.ar\/index.php?rest_route=\/wp\/v2\/media\/4547"}],"wp:attachment":[{"href":"https:\/\/arroyitoonline.com.ar\/index.php?rest_route=%2Fwp%2Fv2%2Fmedia&parent=4546"}],"wp:term":[{"taxonomy":"category","embeddable":true,"href":"https:\/\/arroyitoonline.com.ar\/index.php?rest_route=%2Fwp%2Fv2%2Fcategories&post=4546"},{"taxonomy":"post_tag","embeddable":true,"href":"https:\/\/arroyitoonline.com.ar\/index.php?rest_route=%2Fwp%2Fv2%2Ftags&post=4546"}],"curies":[{"name":"wp","href":"https:\/\/api.w.org\/{rel}","templated":true}]}}