{"id":4549,"date":"2019-07-05T19:53:05","date_gmt":"2019-07-05T19:53:05","guid":{"rendered":"https:\/\/arroyitoonline.com.ar\/?p=4549"},"modified":"2019-07-07T19:53:17","modified_gmt":"2019-07-07T19:53:17","slug":"el-municipio-sigue-recuperando-espacios-reinauguro-la-plaza-seberino-gudino","status":"publish","type":"post","link":"https:\/\/arroyitoonline.com.ar\/?p=4549","title":{"rendered":"El Municipio sigue recuperando espacios: reinaugur\u00f3 la Plaza Seberino Gudi\u00f1o"},"content":{"rendered":"\n<p><strong>El espacio p\u00fablico situado entre las calles Antonio Ballatore y Rafael Bianchi ya luce 40 flamantes luminarias, 40 \u00e1rboles aut\u00f3ctonos y nuevos juegos. <\/strong><\/p>\n\n\n\n<p>Nada es tan significativo para la vida de una ciudad, un pueblo, un barrio, que la existencia de una plaza. Es un espacio ansiado, en donde el ser humano se despliega y se libera de un entorno que muchas veces lo presiona y asfixia. <\/p>\n\n\n\n<p>Desde los inicios de la gesti\u00f3n del intendente Mauricio Cravero, su atenci\u00f3n estuvo puesta en la recuperaci\u00f3n, el mantenimiento y la custodia de todos los espacios verdes de la ciudad, en el marco del Plan Estrat\u00e9gico, logrando la puesta en valor de m\u00e1s de una decena de estos lugares.<\/p>\n\n\n\n<p>Cumpliendo con esta premisa, el jueves 4 de julio, el Municipio reinaugur\u00f3 la Plaza Seberino Gudi\u00f1o ubicada entre calles Rafael Bianchi y Antonio Ballatore, en el noreste de Arroyito.<\/p>\n\n\n\n<p>En la oportunidad estuvieron presentes el intendente Mauricio Cravero, su esposa Mar\u00eda Laura, la viceintendente Graciela Tristany, familiares del homenajeado, j\u00f3venes de Acercar \u2013instituci\u00f3n de la que Seberino fue presidente-, secretarios del Ejecutivo, concejales, directores y coordinadores de \u00e1reas municipales, vecinos del lugar y p\u00fablico en general.<\/p>\n\n\n\n<figure><iframe loading=\"lazy\" src=\"https:\/\/www.facebook.com\/plugins\/video.php?href=https%3A%2F%2Fwww.facebook.com%2Farroyitoonlineoficial%2Fvideos%2F475623006337936%2F&amp;show_text=0&amp;width=560\" width=\"560\" height=\"315\" allowfullscreen=\"true\"><\/iframe><\/figure>\n\n\n\n<p>En la oportunidad, el secretario de Obras P\u00fablicas Daniel Lafarina inform\u00f3 los trabajos realizados en el renovado espacio. El ingeniero cont\u00f3 que se colocaron 40 luminarias y la misma cantidad de \u00e1rboles aut\u00f3ctonos. A continuaci\u00f3n, Viviana Vercelli coment\u00f3 el objetivo de esta plaza: <em>&#8220;un lugar de todos, para que todos puedan participar\u00a0de un mismo espacio y que no fuera exclusivamente para las personas con discapacidad, sino que se comparta aunadamente con todos los vecinos\u201d<\/em>.<\/p>\n\n\n\n<p>Una vez m\u00e1s se hizo realidad el pedido de los habitantes de ese sector y de toda la ciudad, poni\u00e9ndose en valor esta plaza llen\u00e1ndola de vida.<\/p>\n\n\n\n<p>Despu\u00e9s, el vicario de la Parroquia Nuestra Se\u00f1ora de la Merced, presb\u00edtero Marcelo Cereda, para que realizara la bendici\u00f3n de este renovado espacio p\u00fablico.\u00a0<\/p>\n\n\n\n<p>Recordamos que, en el a\u00f1o 2011 y por Ordenanza Municipal, fue designado el nombre de Seberino Gudi\u00f1o para este lugar, considerando que:<\/p>\n\n\n\n<p>&#8220;Vecino de nuestra ciudad, casado, padre de una hija y abuelo cari\u00f1oso, presidi\u00f3 con entereza y gran responsabilidad la Organizaci\u00f3n No Gubernamental Acercar.<\/p>\n\n\n\n<p>Hombre multifac\u00e9tico, trabaj\u00f3 de boyero, tambero; con el tiempo y puesto que su ceguera del 80% limitaba su actividad, dedic\u00f3 sus \u00faltimos a\u00f1os a trabajar y luchar por la integraci\u00f3n de las personas con discapacidades de nuestra ciudad.<\/p>\n\n\n\n<p>Seberino, padre, vecino, viejo, hombre bondadoso, respetuoso de las personas, luchador incansable, solidario, siempre se contaba con \u00e9l para ayudar a quienes lo necesitaban y quer\u00edan, sus queridos chicos de Acercar.\u00a0 Nadie se interpuso en su camino a la hora de hacer, ni siquiera sus dolencias f\u00edsicas.<\/p>\n\n\n\n<p>El municipio\u00a0 considera conveniente y necesario reconocer y afianzar los valores de Don Seberino, destacando su labor como protagonista en la historia de nuestra ciudad, pues supo ganarse un lugar en el coraz\u00f3n de los vecinos de Arroyito, que reconocen su trabajo, entrega y dedicaci\u00f3n&#8221;.<\/p>\n\n\n\n<p>Sobre el final, Cravero agradeci\u00f3 a la familia Gudi\u00f1o,\u00a0<strong>felicit\u00f3 por el trabajo realizado al secretario de Obras P\u00fablicas Daniel Lafarina,<\/strong>\u00a0y culmin\u00f3 pidiendo a los vecinos que sigan cuidando estas obras.<\/p>\n\n\n\n<p>Antes del cierre, el intendente, la vice, j\u00f3venes de Acercar y familiares, descubrieron una placa y cortaron la cinta dejando inaugurada, de manera formal, la puesta en valor de la Plaza Seberino Gudi\u00f1o.<\/p>\n\n\n\n<p>Fuente: Prensa Municipal. <\/p>\n","protected":false},"excerpt":{"rendered":"<p>El espacio p\u00fablico situado entre las calles Antonio Ballatore y Rafael Bianchi ya luce 40 flamantes luminarias, 40 \u00e1rboles aut\u00f3ctonos&hellip;<\/p>\n","protected":false},"author":3,"featured_media":4550,"comment_status":"closed","ping_status":"open","sticky":false,"template":"","format":"standard","meta":{"footnotes":""},"categories":[829],"tags":[66,67,836,868,555,556,572],"class_list":["post-4549","post","type-post","status-publish","format-standard","has-post-thumbnail","hentry","category-municipales-online","tag-arroyito","tag-arroyito-cordoba","tag-arroyito-online","tag-municipales-online","tag-municipalidad","tag-municipalidad-de-arroyito","tag-noticias-de-arroyito-y-zona"],"_links":{"self":[{"href":"https:\/\/arroyitoonline.com.ar\/index.php?rest_route=\/wp\/v2\/posts\/4549","targetHints":{"allow":["GET"]}}],"collection":[{"href":"https:\/\/arroyitoonline.com.ar\/index.php?rest_route=\/wp\/v2\/posts"}],"about":[{"href":"https:\/\/arroyitoonline.com.ar\/index.php?rest_route=\/wp\/v2\/types\/post"}],"author":[{"embeddable":true,"href":"https:\/\/arroyitoonline.com.ar\/index.php?rest_route=\/wp\/v2\/users\/3"}],"replies":[{"embeddable":true,"href":"https:\/\/arroyitoonline.com.ar\/index.php?rest_route=%2Fwp%2Fv2%2Fcomments&post=4549"}],"version-history":[{"count":1,"href":"https:\/\/arroyitoonline.com.ar\/index.php?rest_route=\/wp\/v2\/posts\/4549\/revisions"}],"predecessor-version":[{"id":4551,"href":"https:\/\/arroyitoonline.com.ar\/index.php?rest_route=\/wp\/v2\/posts\/4549\/revisions\/4551"}],"wp:featuredmedia":[{"embeddable":true,"href":"https:\/\/arroyitoonline.com.ar\/index.php?rest_route=\/wp\/v2\/media\/4550"}],"wp:attachment":[{"href":"https:\/\/arroyitoonline.com.ar\/index.php?rest_route=%2Fwp%2Fv2%2Fmedia&parent=4549"}],"wp:term":[{"taxonomy":"category","embeddable":true,"href":"https:\/\/arroyitoonline.com.ar\/index.php?rest_route=%2Fwp%2Fv2%2Fcategories&post=4549"},{"taxonomy":"post_tag","embeddable":true,"href":"https:\/\/arroyitoonline.com.ar\/index.php?rest_route=%2Fwp%2Fv2%2Ftags&post=4549"}],"curies":[{"name":"wp","href":"https:\/\/api.w.org\/{rel}","templated":true}]}}