{"id":4555,"date":"2019-07-07T20:25:48","date_gmt":"2019-07-07T20:25:48","guid":{"rendered":"https:\/\/arroyitoonline.com.ar\/?p=4555"},"modified":"2019-07-07T20:33:55","modified_gmt":"2019-07-07T20:33:55","slug":"ama-dono-una-oveja-y-una-cerda-al-ipetaym-no-68","status":"publish","type":"post","link":"https:\/\/arroyitoonline.com.ar\/?p=4555","title":{"rendered":"AMA don\u00f3 una oveja y una cerda al Ipetaym N\u00ba 68"},"content":{"rendered":"\n<p><strong>Estos animales reemplazar\u00e1n a aquellos que fueron faenados y sustra\u00eddos de la instituci\u00f3n educativa, el fin de semana pasado. <\/strong><\/p>\n\n\n\n<p>En la tarde del jueves, consejeros de Asociaci\u00f3n Mutual Arroyito encabezados por su presidente Iv\u00e1n Rivarola y su coordinador General Nicol\u00e1s Gudi\u00f1o, entregaron una cerda y una oveja a docentes y directivos del Ipetaym N\u00ba 68, entre los que se encontraban su director Carlos Goncebat y su vicedirectora Ana Taborda Ovejero.<\/p>\n\n\n\n<p>Estos animales reemplazar\u00e1n a aquellos que <a href=\"https:\/\/arroyitoonline.com.ar\/info-online\/policiales-online\/ingresaron-a-un-corral-del-ipetaym-68-carnearon-dos-animales-y-se-llevaron-la-carne\/\">fueron faenados y sustra\u00eddos de la entidad educativa<\/a>, el fin de semana pasado, y ser\u00e1n utilizados para las pr\u00e1cticas estudiantiles, en el marco de la especialidad Agropecuaria.<\/p>\n\n\n\n<p>Desde AMA expresaron su felicidad de <em>&#8220;poder colaborar con las instituciones educativas, ya que en ellas se forma el futuro de nuestra ciudad&#8221;<\/em> y agradecieron a los se\u00f1ores Juan y Francisco Gerbaudo, por ayudarlos a conseguir los animales donados.<\/p>\n","protected":false},"excerpt":{"rendered":"<p>Estos animales reemplazar\u00e1n a aquellos que fueron faenados y sustra\u00eddos de la instituci\u00f3n educativa, el fin de semana pasado. En&hellip;<\/p>\n","protected":false},"author":3,"featured_media":4556,"comment_status":"closed","ping_status":"open","sticky":false,"template":"","format":"standard","meta":{"footnotes":""},"categories":[860],"tags":[50,66,67,836,79,300,462,572,738],"class_list":["post-4555","post","type-post","status-publish","format-standard","has-post-thumbnail","hentry","category-solidaridad-online","tag-ama","tag-arroyito","tag-arroyito-cordoba","tag-arroyito-online","tag-asociacion-mutual-arroyito","tag-donacion","tag-ipetaym-68","tag-noticias-de-arroyito-y-zona","tag-solidaridad"],"_links":{"self":[{"href":"https:\/\/arroyitoonline.com.ar\/index.php?rest_route=\/wp\/v2\/posts\/4555","targetHints":{"allow":["GET"]}}],"collection":[{"href":"https:\/\/arroyitoonline.com.ar\/index.php?rest_route=\/wp\/v2\/posts"}],"about":[{"href":"https:\/\/arroyitoonline.com.ar\/index.php?rest_route=\/wp\/v2\/types\/post"}],"author":[{"embeddable":true,"href":"https:\/\/arroyitoonline.com.ar\/index.php?rest_route=\/wp\/v2\/users\/3"}],"replies":[{"embeddable":true,"href":"https:\/\/arroyitoonline.com.ar\/index.php?rest_route=%2Fwp%2Fv2%2Fcomments&post=4555"}],"version-history":[{"count":2,"href":"https:\/\/arroyitoonline.com.ar\/index.php?rest_route=\/wp\/v2\/posts\/4555\/revisions"}],"predecessor-version":[{"id":4559,"href":"https:\/\/arroyitoonline.com.ar\/index.php?rest_route=\/wp\/v2\/posts\/4555\/revisions\/4559"}],"wp:featuredmedia":[{"embeddable":true,"href":"https:\/\/arroyitoonline.com.ar\/index.php?rest_route=\/wp\/v2\/media\/4556"}],"wp:attachment":[{"href":"https:\/\/arroyitoonline.com.ar\/index.php?rest_route=%2Fwp%2Fv2%2Fmedia&parent=4555"}],"wp:term":[{"taxonomy":"category","embeddable":true,"href":"https:\/\/arroyitoonline.com.ar\/index.php?rest_route=%2Fwp%2Fv2%2Fcategories&post=4555"},{"taxonomy":"post_tag","embeddable":true,"href":"https:\/\/arroyitoonline.com.ar\/index.php?rest_route=%2Fwp%2Fv2%2Ftags&post=4555"}],"curies":[{"name":"wp","href":"https:\/\/api.w.org\/{rel}","templated":true}]}}