{"id":4560,"date":"2019-07-05T08:59:45","date_gmt":"2019-07-05T08:59:45","guid":{"rendered":"https:\/\/arroyitoonline.com.ar\/?p=4560"},"modified":"2019-07-07T21:20:14","modified_gmt":"2019-07-07T21:20:14","slug":"se-desarrollo-la-charla-de-sensibilizacion-en-genero-y-diversidad","status":"publish","type":"post","link":"https:\/\/arroyitoonline.com.ar\/?p=4560","title":{"rendered":"Se desarroll\u00f3 la charla de sensibilizaci\u00f3n en g\u00e9nero y diversidad"},"content":{"rendered":"\n<p><strong>La convocatoria tuvo una gran concurrencia de p\u00fablico interesado en estas tem\u00e1ticas. <\/strong><\/p>\n\n\n\n<p>El mi\u00e9rcoles 3 de julio se realiz\u00f3 la esperada charla de sensibilizaci\u00f3n en g\u00e9nero y diversidad, en la Sala de Deliberaciones del edificio municipal. <\/p>\n\n\n\n<p>El encuentro fue coordinado por Gabriela Correas y Santiago Orsi, referentes del \u00e1rea de Fortalecimiento del Derecho de las Mujeres y \u00e1rea de Diversidad Sexual de la Provincia de C\u00f3rdoba, dependiente del Ministerio de Salud y Desarrollo Social de la Naci\u00f3n, acompa\u00f1ados por la responsable de la Subdelegaci\u00f3n local de Derechos Humanos de la Naci\u00f3n, Marlene Baronetto.\u00a0<\/p>\n\n\n\n<p>En la oportunidad se trataron, entre otros, los temas de violencia y perspectiva de g\u00e9nero, leyes Micaela y Brisa, diversidad sexual, leyes de identidad de g\u00e9nero, matrimonio igualitario, decreto de necesitad de urgencia, intervenci\u00f3n frente a situaciones de violencia, caracter\u00edsticas de agresor y v\u00edctima, derechos humanos y un amplio panorama de t\u00f3picos relacionados al g\u00e9nero y a la diversidad.\u00a0<\/p>\n\n\n\n<p>Esta actividad se desarroll\u00f3 por primera vez en nuestra ciudad, frente a una gran convocatoria de p\u00fablico, que mostr\u00f3 inquietud y participaci\u00f3n en esta cuesti\u00f3n de actualidad, que interesa a todos.\u00a0<\/p>\n\n\n\n<p>Participaron\u00a0de\u00a0la\u00a0convocatoria: viceintendente Graciela Tristany, secretaria de Acci\u00f3n Social Mirian Zagonel, secretario de Obras P\u00fablicas Daniel Lafarina, secretario de Gobierno Ignacio Cabello, directora de Cultura Viviana Sam Sam, concejales, coordinadora del Consejo Municipal de la Mujer Edith Brav\u00edn, psic\u00f3loga del Consejo de la Mujer Magal\u00ed Ledesma, trabajadora Social de la Municipalidad Soledad Castillo, representante en Arroyito de Asociaci\u00f3n Atta C\u00f3rdoba, Fernanda Altamirano, referentes de empresas locales e instituciones educativas, representantes de la localidad de Luque, profesionales, integrantes del Consejo de la Mujer y p\u00fablico en general. <\/p>\n\n\n\n<p>Fuente: Prensa Municipal. <\/p>\n","protected":false},"excerpt":{"rendered":"<p>La convocatoria tuvo una gran concurrencia de p\u00fablico interesado en estas tem\u00e1ticas. El mi\u00e9rcoles 3 de julio se realiz\u00f3 la&hellip;<\/p>\n","protected":false},"author":3,"featured_media":4562,"comment_status":"closed","ping_status":"open","sticky":false,"template":"","format":"standard","meta":{"footnotes":""},"categories":[6],"tags":[66,67,836,232,278,556,572],"class_list":["post-4560","post","type-post","status-publish","format-standard","has-post-thumbnail","hentry","category-interes-general","tag-arroyito","tag-arroyito-cordoba","tag-arroyito-online","tag-consejo-de-la-mujer","tag-derechos-humanos","tag-municipalidad-de-arroyito","tag-noticias-de-arroyito-y-zona"],"_links":{"self":[{"href":"https:\/\/arroyitoonline.com.ar\/index.php?rest_route=\/wp\/v2\/posts\/4560","targetHints":{"allow":["GET"]}}],"collection":[{"href":"https:\/\/arroyitoonline.com.ar\/index.php?rest_route=\/wp\/v2\/posts"}],"about":[{"href":"https:\/\/arroyitoonline.com.ar\/index.php?rest_route=\/wp\/v2\/types\/post"}],"author":[{"embeddable":true,"href":"https:\/\/arroyitoonline.com.ar\/index.php?rest_route=\/wp\/v2\/users\/3"}],"replies":[{"embeddable":true,"href":"https:\/\/arroyitoonline.com.ar\/index.php?rest_route=%2Fwp%2Fv2%2Fcomments&post=4560"}],"version-history":[{"count":1,"href":"https:\/\/arroyitoonline.com.ar\/index.php?rest_route=\/wp\/v2\/posts\/4560\/revisions"}],"predecessor-version":[{"id":4563,"href":"https:\/\/arroyitoonline.com.ar\/index.php?rest_route=\/wp\/v2\/posts\/4560\/revisions\/4563"}],"wp:featuredmedia":[{"embeddable":true,"href":"https:\/\/arroyitoonline.com.ar\/index.php?rest_route=\/wp\/v2\/media\/4562"}],"wp:attachment":[{"href":"https:\/\/arroyitoonline.com.ar\/index.php?rest_route=%2Fwp%2Fv2%2Fmedia&parent=4560"}],"wp:term":[{"taxonomy":"category","embeddable":true,"href":"https:\/\/arroyitoonline.com.ar\/index.php?rest_route=%2Fwp%2Fv2%2Fcategories&post=4560"},{"taxonomy":"post_tag","embeddable":true,"href":"https:\/\/arroyitoonline.com.ar\/index.php?rest_route=%2Fwp%2Fv2%2Ftags&post=4560"}],"curies":[{"name":"wp","href":"https:\/\/api.w.org\/{rel}","templated":true}]}}