{"id":4564,"date":"2019-07-04T09:20:59","date_gmt":"2019-07-04T09:20:59","guid":{"rendered":"https:\/\/arroyitoonline.com.ar\/?p=4564"},"modified":"2019-07-07T21:40:29","modified_gmt":"2019-07-07T21:40:29","slug":"fue-exitosa-la-5a-campana-raees","status":"publish","type":"post","link":"https:\/\/arroyitoonline.com.ar\/?p=4564","title":{"rendered":"Fue exitosa la 5\u00aa Campa\u00f1a RAEEs"},"content":{"rendered":"\n<p><strong>En esta oportunidad se recolectaron 30 metros c\u00fabicos de residuos de aparatos el\u00e9ctricos y electr\u00f3nicos. <\/strong><\/p>\n\n\n\n<p>D\u00edas pasados finaliz\u00f3 la 5ta. Campa\u00f1a RAEEs. Desarrollada por el Municipio, durante la semana del 18 al 21 de junio de 2019, tuvo como prop\u00f3sito la sensibilizaci\u00f3n y ayuda para la toma de conciencia sobre la importancia del adecuado tratamiento y destino de los aparatos el\u00e9ctricos y electr\u00f3nicos en desuso. Tal como en las anteriores, en esta quinta entrega, la participaci\u00f3n de la sociedad fue elevada. <\/p>\n\n\n\n<p>En esta oportunidad fueron cuatro d\u00edas intensivos de recolecci\u00f3n, en diferentes puntos de recepci\u00f3n situados en escuelas de Arroyito y tambi\u00e9n en los parajes La Curva y El Fuertecito.<\/p>\n\n\n\n<p>Este a\u00f1o RAEEs obtuvo un arroj\u00f3 como resultado, la recolecci\u00f3n de casi 30 metros c\u00fabicos (un cami\u00f3n\u00a0 completo) de elementos el\u00e9ctricos y electr\u00f3nicos en desuso.<\/p>\n\n\n\n<p>Estos materiales se comercializan a empresas especializadas en su reciclaje y el resultado econ\u00f3mico de la venta se direcciona a los proyectos que pone en marcha la L\u00ednea Ambiental del Plan Estrat\u00e9gico de Arroyito.<\/p>\n\n\n\n<p>Fuente: Prensa Municipal. <\/p>\n","protected":false},"excerpt":{"rendered":"<p>En esta oportunidad se recolectaron 30 metros c\u00fabicos de residuos de aparatos el\u00e9ctricos y electr\u00f3nicos. D\u00edas pasados finaliz\u00f3 la 5ta.&hellip;<\/p>\n","protected":false},"author":3,"featured_media":4565,"comment_status":"closed","ping_status":"open","sticky":false,"template":"","format":"standard","meta":{"footnotes":""},"categories":[913],"tags":[66,67,836,258,528,556,572,671],"class_list":["post-4564","post","type-post","status-publish","format-standard","has-post-thumbnail","hentry","category-medio-ambiente","tag-arroyito","tag-arroyito-cordoba","tag-arroyito-online","tag-cuidado-del-medio-ambiente","tag-medio-ambiente","tag-municipalidad-de-arroyito","tag-noticias-de-arroyito-y-zona","tag-raees"],"_links":{"self":[{"href":"https:\/\/arroyitoonline.com.ar\/index.php?rest_route=\/wp\/v2\/posts\/4564","targetHints":{"allow":["GET"]}}],"collection":[{"href":"https:\/\/arroyitoonline.com.ar\/index.php?rest_route=\/wp\/v2\/posts"}],"about":[{"href":"https:\/\/arroyitoonline.com.ar\/index.php?rest_route=\/wp\/v2\/types\/post"}],"author":[{"embeddable":true,"href":"https:\/\/arroyitoonline.com.ar\/index.php?rest_route=\/wp\/v2\/users\/3"}],"replies":[{"embeddable":true,"href":"https:\/\/arroyitoonline.com.ar\/index.php?rest_route=%2Fwp%2Fv2%2Fcomments&post=4564"}],"version-history":[{"count":1,"href":"https:\/\/arroyitoonline.com.ar\/index.php?rest_route=\/wp\/v2\/posts\/4564\/revisions"}],"predecessor-version":[{"id":4566,"href":"https:\/\/arroyitoonline.com.ar\/index.php?rest_route=\/wp\/v2\/posts\/4564\/revisions\/4566"}],"wp:featuredmedia":[{"embeddable":true,"href":"https:\/\/arroyitoonline.com.ar\/index.php?rest_route=\/wp\/v2\/media\/4565"}],"wp:attachment":[{"href":"https:\/\/arroyitoonline.com.ar\/index.php?rest_route=%2Fwp%2Fv2%2Fmedia&parent=4564"}],"wp:term":[{"taxonomy":"category","embeddable":true,"href":"https:\/\/arroyitoonline.com.ar\/index.php?rest_route=%2Fwp%2Fv2%2Fcategories&post=4564"},{"taxonomy":"post_tag","embeddable":true,"href":"https:\/\/arroyitoonline.com.ar\/index.php?rest_route=%2Fwp%2Fv2%2Ftags&post=4564"}],"curies":[{"name":"wp","href":"https:\/\/api.w.org\/{rel}","templated":true}]}}