{"id":4567,"date":"2019-07-02T09:41:19","date_gmt":"2019-07-02T09:41:19","guid":{"rendered":"https:\/\/arroyitoonline.com.ar\/?p=4567"},"modified":"2019-07-07T22:06:19","modified_gmt":"2019-07-07T22:06:19","slug":"el-municipio-reedito-el-dia-de-las-vacunas-en-familia","status":"publish","type":"post","link":"https:\/\/arroyitoonline.com.ar\/?p=4567","title":{"rendered":"El Municipio reedit\u00f3 el D\u00eda de las Vacunas en Familia"},"content":{"rendered":"\n<p><strong>Bajo el lema <\/strong><em><strong>&#8220;Si me cuido yo, nos cuidamos todos: vacunate y celebremos juntos un futuro saludable&#8221;<\/strong><\/em><strong> se colocaron m\u00e1s de 350 dosis. <\/strong><\/p>\n\n\n\n<p>El domingo 30 de junio, en\u00a0una jornada de sol pero con baj\u00edsima temperatura, se desarroll\u00f3 en la Plaza 25 de Mayo, el segundo D\u00eda de las vacunas en familia, que va camino a institucionalizarse, a trav\u00e9s de un proyecto de ordenanza que ingresar\u00e1 pronto al Concejo Deliberante.<\/p>\n\n\n\n<p>En un clima de alegr\u00eda, el Hospital Municipal cumpli\u00f3 con su jornada de salud, donde adem\u00e1s de la colocaci\u00f3n de 350 dosis, los asistentes pasaron por los puestos de trabajo dispuestos en las esquinas de la plaza, donde se les controlaron la glucemia y la tensi\u00f3n arterial. En esos gazebos se encontraban enfermeras profesionales, estudiantes de Enfermer\u00eda del Nivel Superior de la Escuela Dr. Dalmacio V\u00e9lez Sarsfield y administrativas del Plan Sumar.<\/p>\n\n\n\n<figure><iframe loading=\"lazy\" src=\"https:\/\/www.facebook.com\/plugins\/post.php?href=https%3A%2F%2Fwww.facebook.com%2Farroyitoonlineoficial%2Fposts%2F2453507291543824&amp;width=500\" width=\"500\" height=\"764\"><\/iframe><\/figure>\n\n\n\n<p>Cabe destacar que el 41% de las vacunas puestas en el aula N\u00ba 2 de la Casa de la Cultura fueron antigripales. En ese sector coordinaban las acciones, la directora M\u00e9dica del nosocomio, M\u00f3nica Rodr\u00edguez, y la jefa de Enfermeras, Leticia Acevedo. <\/p>\n\n\n\n<p>Adem\u00e1s, la tarde fue matizada por la m\u00fasica y la danza. Participaron: las bandas de la Uni\u00f3n de M\u00fasicos Independientes de Arroyito (UMIA), ConFusi\u00f3n, REC y Los motivos del lobo; la Escuela Superior de Danzas CEFA, el Taller de Folclore del Centro Vecinal Xanaes, las disciplinas Taekwondo Ol\u00edmpico y Escuelita de BMX del Polideportivo Municipal, el Taller de Folclore del Centro Cultural El Fuertecito, la Escuela Municipal de Danzas Folcl\u00f3ricas, y un ensamble de vientos con bater\u00eda de la Banda Sinf\u00f3nica Municipal.<\/p>\n\n\n\n<p>Tambi\u00e9n estuvieron presentes y colaboraron con el evento, los grupos Scout Jos\u00e9 Ignacio Urqu\u00eda y Flor de Ceibo. <\/p>\n\n\n\n<p>Fuente: Prensa Municipal.<\/p>\n\n\n\n<p>Fotos: Arroyito Online. <\/p>\n","protected":false},"excerpt":{"rendered":"<p>Bajo el lema &#8220;Si me cuido yo, nos cuidamos todos: vacunate y celebremos juntos un futuro saludable&#8221; se colocaron m\u00e1s&hellip;<\/p>\n","protected":false},"author":3,"featured_media":4535,"comment_status":"closed","ping_status":"open","sticky":false,"template":"","format":"standard","meta":{"footnotes":""},"categories":[9],"tags":[],"class_list":["post-4567","post","type-post","status-publish","format-standard","has-post-thumbnail","hentry","category-infosalud"],"_links":{"self":[{"href":"https:\/\/arroyitoonline.com.ar\/index.php?rest_route=\/wp\/v2\/posts\/4567","targetHints":{"allow":["GET"]}}],"collection":[{"href":"https:\/\/arroyitoonline.com.ar\/index.php?rest_route=\/wp\/v2\/posts"}],"about":[{"href":"https:\/\/arroyitoonline.com.ar\/index.php?rest_route=\/wp\/v2\/types\/post"}],"author":[{"embeddable":true,"href":"https:\/\/arroyitoonline.com.ar\/index.php?rest_route=\/wp\/v2\/users\/3"}],"replies":[{"embeddable":true,"href":"https:\/\/arroyitoonline.com.ar\/index.php?rest_route=%2Fwp%2Fv2%2Fcomments&post=4567"}],"version-history":[{"count":2,"href":"https:\/\/arroyitoonline.com.ar\/index.php?rest_route=\/wp\/v2\/posts\/4567\/revisions"}],"predecessor-version":[{"id":4570,"href":"https:\/\/arroyitoonline.com.ar\/index.php?rest_route=\/wp\/v2\/posts\/4567\/revisions\/4570"}],"wp:featuredmedia":[{"embeddable":true,"href":"https:\/\/arroyitoonline.com.ar\/index.php?rest_route=\/wp\/v2\/media\/4535"}],"wp:attachment":[{"href":"https:\/\/arroyitoonline.com.ar\/index.php?rest_route=%2Fwp%2Fv2%2Fmedia&parent=4567"}],"wp:term":[{"taxonomy":"category","embeddable":true,"href":"https:\/\/arroyitoonline.com.ar\/index.php?rest_route=%2Fwp%2Fv2%2Fcategories&post=4567"},{"taxonomy":"post_tag","embeddable":true,"href":"https:\/\/arroyitoonline.com.ar\/index.php?rest_route=%2Fwp%2Fv2%2Ftags&post=4567"}],"curies":[{"name":"wp","href":"https:\/\/api.w.org\/{rel}","templated":true}]}}