{"id":4571,"date":"2019-07-02T10:07:10","date_gmt":"2019-07-02T10:07:10","guid":{"rendered":"https:\/\/arroyitoonline.com.ar\/?p=4571"},"modified":"2019-07-07T22:18:10","modified_gmt":"2019-07-07T22:18:10","slug":"el-municipio-inauguro-el-adoquinado-en-la-calle-jose-quintela","status":"publish","type":"post","link":"https:\/\/arroyitoonline.com.ar\/?p=4571","title":{"rendered":"El Municipio inaugur\u00f3 el adoquinado en la calle Jos\u00e9 Quintela"},"content":{"rendered":"\n<p><strong>La obra, que incluy\u00f3 adem\u00e1s el reemplazo del cord\u00f3n cuneta, va desde Almafuerte hasta Bv. Julio Taborda Vocos. <\/strong><\/p>\n\n\n\n<p>El lunes 1 de julio, en el barrio IPV (sector sur), el Municipio inaugur\u00f3 la obra del adoquinado sobre la calle Jos\u00e9 Quintela, entre Almafuerte y Bv. Julio Taborda Vocos. \u00a0<\/p>\n\n\n\n<p>En el sencillo acto, estuvieron presentes: intendente Mauricio Cravero, viceintendente Graciela Tristany, secretario de Obras P\u00fablicas Daniel Lafarina, concejales, directores y coordinadores de \u00e1reas municipales, vecinos del lugar y medios de comunicaci\u00f3n.<\/p>\n\n\n\n<p>Esta obra, incluy\u00f3 adem\u00e1s, la\u00a0demolici\u00f3n del existente y la construcci\u00f3n de un nuevo cord\u00f3n cuneta en hormig\u00f3n armado de 15 cent\u00edmetros de espesor. De esta manera la actual gesti\u00f3n municipal est\u00e1 dando soluci\u00f3n a un problema hist\u00f3rico, ya que el avance de las ra\u00edces del arbolado p\u00fablico levant\u00f3 el cord\u00f3n rompi\u00e9ndolo e impidiendo el normal escurrimiento de las aguas.\u00a0<\/p>\n\n\n\n<p>El pavimento de adoqu\u00edn es un tipo de pavimento\u00a0inter trabado que se viene imponiendo en varias localidades, como consecuencia de sus ventajas: f\u00e1cil y r\u00e1pida ejecuci\u00f3n, habilitaci\u00f3n inmediata, f\u00e1cil reparaci\u00f3n, entre otras.\u00a0Se destaca que el m\u00e9todo de colocaci\u00f3n fue artesanal.\u00a0<\/p>\n\n\n\n<p>Entre las ventajas del pavimento de adoquines, tambi\u00e9n aparece la cuesti\u00f3n est\u00e9tica, y la f\u00e1cil reparaci\u00f3n ante una eventual falla (por ejemplo, la rotura de la ca\u00f1er\u00eda).<\/p>\n\n\n\n<p>Fuente: Prensa Municipal. <\/p>\n","protected":false},"excerpt":{"rendered":"<p>La obra, que incluy\u00f3 adem\u00e1s el reemplazo del cord\u00f3n cuneta, va desde Almafuerte hasta Bv. Julio Taborda Vocos. El lunes&hellip;<\/p>\n","protected":false},"author":3,"featured_media":4536,"comment_status":"closed","ping_status":"open","sticky":false,"template":"","format":"standard","meta":{"footnotes":""},"categories":[829],"tags":[32,66,67,836,104,253,837,527,868,555,556,572,578],"class_list":["post-4571","post","type-post","status-publish","format-standard","has-post-thumbnail","hentry","category-municipales-online","tag-adoquinado","tag-arroyito","tag-arroyito-cordoba","tag-arroyito-online","tag-barrio-ipv","tag-cravero","tag-lafarina","tag-mauricio-cravero","tag-municipales-online","tag-municipalidad","tag-municipalidad-de-arroyito","tag-noticias-de-arroyito-y-zona","tag-obras-publicas"],"_links":{"self":[{"href":"https:\/\/arroyitoonline.com.ar\/index.php?rest_route=\/wp\/v2\/posts\/4571","targetHints":{"allow":["GET"]}}],"collection":[{"href":"https:\/\/arroyitoonline.com.ar\/index.php?rest_route=\/wp\/v2\/posts"}],"about":[{"href":"https:\/\/arroyitoonline.com.ar\/index.php?rest_route=\/wp\/v2\/types\/post"}],"author":[{"embeddable":true,"href":"https:\/\/arroyitoonline.com.ar\/index.php?rest_route=\/wp\/v2\/users\/3"}],"replies":[{"embeddable":true,"href":"https:\/\/arroyitoonline.com.ar\/index.php?rest_route=%2Fwp%2Fv2%2Fcomments&post=4571"}],"version-history":[{"count":1,"href":"https:\/\/arroyitoonline.com.ar\/index.php?rest_route=\/wp\/v2\/posts\/4571\/revisions"}],"predecessor-version":[{"id":4572,"href":"https:\/\/arroyitoonline.com.ar\/index.php?rest_route=\/wp\/v2\/posts\/4571\/revisions\/4572"}],"wp:featuredmedia":[{"embeddable":true,"href":"https:\/\/arroyitoonline.com.ar\/index.php?rest_route=\/wp\/v2\/media\/4536"}],"wp:attachment":[{"href":"https:\/\/arroyitoonline.com.ar\/index.php?rest_route=%2Fwp%2Fv2%2Fmedia&parent=4571"}],"wp:term":[{"taxonomy":"category","embeddable":true,"href":"https:\/\/arroyitoonline.com.ar\/index.php?rest_route=%2Fwp%2Fv2%2Fcategories&post=4571"},{"taxonomy":"post_tag","embeddable":true,"href":"https:\/\/arroyitoonline.com.ar\/index.php?rest_route=%2Fwp%2Fv2%2Ftags&post=4571"}],"curies":[{"name":"wp","href":"https:\/\/api.w.org\/{rel}","templated":true}]}}