{"id":4573,"date":"2019-07-05T10:19:59","date_gmt":"2019-07-05T10:19:59","guid":{"rendered":"https:\/\/arroyitoonline.com.ar\/?p=4573"},"modified":"2019-07-08T02:14:27","modified_gmt":"2019-07-08T02:14:27","slug":"tomaron-el-examen-de-mi-primera-licencia-de-conducir","status":"publish","type":"post","link":"https:\/\/arroyitoonline.com.ar\/?p=4573","title":{"rendered":"Tomaron el examen de Mi Primera Licencia de Conducir"},"content":{"rendered":"\n<p><strong>El programa de seguridad vial est\u00e1 destinado a alumnos de 6\u00ba a\u00f1o de las escuelas de Arroyito y los parajes vecinos. <\/strong><\/p>\n\n\n\n<p>En el marco del Plan Estrat\u00e9gico de Arroyito, y con el objetivo de que mejore el ordenamiento del tr\u00e1nsito en la ciudad, el martes 2 de julio, en el Teatrillo Municipal Jos\u00e9 Francisco Guarch, se tom\u00f3 el examen para la obtenci\u00f3n gratuita de la Primera Licencia de Conducir. <\/p>\n\n\n\n<p>Estuvieron presentes 320 alumnos de 6\u00ba a\u00f1o del\u00a0 IPEM N\u00ba 329 y sus anexos de La Curva, El Fuertecito,\u00a0Arroyo\u00a0Los Leones y El Descanso; tambi\u00e9n del Instituto Nuestra Se\u00f1ora de la Merced, Ipetaym N\u00b0 68 Coronel Don Luis \u00c1lvarez,\u00a0Cenma N\u00ba 60 y Escuela Dr. Dalmacio V\u00e9lez Sarsfield.<\/p>\n\n\n\n<p>Este proyecto educativo, desarrollado por el Municipio, tiene\u00a0como objetivo\u00a0la incorporaci\u00f3n de los conocimientos necesarios que debe tener todo conductor al momento de la obtenci\u00f3n de su carn\u00e9 de conducir.<\/p>\n\n\n\n<p>Con este proyecto de seguridad vial se busca el bienestar general, el bien com\u00fan a trav\u00e9s de estas disertaciones. Es por eso que la gesti\u00f3n de Mauricio Cravero desea que la v\u00eda p\u00fablica sea un espacio m\u00e1s seguro, capacitando en buenas pr\u00e1cticas a todos los sectores de la sociedad, en este caso a quienes integran la denominada \u201cedad de riesgo\u201d.\u00a0<br><\/p>\n\n\n\n<p>Fuente y foto de archivo: Prensa Municipal. <\/p>\n","protected":false},"excerpt":{"rendered":"<p>El programa de seguridad vial est\u00e1 destinado a alumnos de 6\u00ba a\u00f1o de las escuelas de Arroyito y los parajes&hellip;<\/p>\n","protected":false},"author":3,"featured_media":4574,"comment_status":"closed","ping_status":"open","sticky":false,"template":"","format":"standard","meta":{"footnotes":""},"categories":[830,962],"tags":[31,66,67,836,153,310,945,572],"class_list":["post-4573","post","type-post","status-publish","format-standard","has-post-thumbnail","hentry","category-educacion-online","category-ninez-y-adolescencia","tag-adolescentes","tag-arroyito","tag-arroyito-cordoba","tag-arroyito-online","tag-capacitacion","tag-educacion","tag-mi-primera-licencia-de-conducir","tag-noticias-de-arroyito-y-zona"],"_links":{"self":[{"href":"https:\/\/arroyitoonline.com.ar\/index.php?rest_route=\/wp\/v2\/posts\/4573","targetHints":{"allow":["GET"]}}],"collection":[{"href":"https:\/\/arroyitoonline.com.ar\/index.php?rest_route=\/wp\/v2\/posts"}],"about":[{"href":"https:\/\/arroyitoonline.com.ar\/index.php?rest_route=\/wp\/v2\/types\/post"}],"author":[{"embeddable":true,"href":"https:\/\/arroyitoonline.com.ar\/index.php?rest_route=\/wp\/v2\/users\/3"}],"replies":[{"embeddable":true,"href":"https:\/\/arroyitoonline.com.ar\/index.php?rest_route=%2Fwp%2Fv2%2Fcomments&post=4573"}],"version-history":[{"count":1,"href":"https:\/\/arroyitoonline.com.ar\/index.php?rest_route=\/wp\/v2\/posts\/4573\/revisions"}],"predecessor-version":[{"id":4575,"href":"https:\/\/arroyitoonline.com.ar\/index.php?rest_route=\/wp\/v2\/posts\/4573\/revisions\/4575"}],"wp:featuredmedia":[{"embeddable":true,"href":"https:\/\/arroyitoonline.com.ar\/index.php?rest_route=\/wp\/v2\/media\/4574"}],"wp:attachment":[{"href":"https:\/\/arroyitoonline.com.ar\/index.php?rest_route=%2Fwp%2Fv2%2Fmedia&parent=4573"}],"wp:term":[{"taxonomy":"category","embeddable":true,"href":"https:\/\/arroyitoonline.com.ar\/index.php?rest_route=%2Fwp%2Fv2%2Fcategories&post=4573"},{"taxonomy":"post_tag","embeddable":true,"href":"https:\/\/arroyitoonline.com.ar\/index.php?rest_route=%2Fwp%2Fv2%2Ftags&post=4573"}],"curies":[{"name":"wp","href":"https:\/\/api.w.org\/{rel}","templated":true}]}}