{"id":4585,"date":"2019-07-02T14:54:33","date_gmt":"2019-07-02T14:54:33","guid":{"rendered":"https:\/\/arroyitoonline.com.ar\/?p=4585"},"modified":"2019-07-08T02:59:20","modified_gmt":"2019-07-08T02:59:20","slug":"cespal-realizo-su-primera-reunion-de-delegados-del-ano","status":"publish","type":"post","link":"https:\/\/arroyitoonline.com.ar\/?p=4585","title":{"rendered":"Cespal realiz\u00f3 su primera reuni\u00f3n de delegados del a\u00f1o"},"content":{"rendered":"\n<p><strong>Se presentaron los informes de los trabajos realizados en cada una de las \u00e1reas de la Cooperativa. <\/strong><\/p>\n\n\n\n<p>El pasado jueves 27 de junio, la Cooperativa de Electricidad y Servicios P\u00fablicos de Arroyito Limitada desarroll\u00f3 la primera reuni\u00f3n del a\u00f1o, con sus delegados, en el sal\u00f3n de usos m\u00faltiples de Telecomunicaciones.<\/p>\n\n\n\n<p>En la oportunidad se presentaron los informes de los trabajos realizados desde el 1\u00ba de enero hasta la fecha, de las respectivas \u00e1reas: Obras P\u00fablicas, Gas Natural, Administraci\u00f3n, Telecomunicaciones y Redes El\u00e9ctricas.<\/p>\n\n\n\n<p><em>&#8220;Consideramos de gran importancia el intercambio de opiniones que se realiza en estas reuniones con los delegados, lo que permite lograr un mejor desarrollo de los objetivos planteados&#8221;<\/em>, manifestaron desde la Cespal. <\/p>\n","protected":false},"excerpt":{"rendered":"<p>Se presentaron los informes de los trabajos realizados en cada una de las \u00e1reas de la Cooperativa. El pasado jueves&hellip;<\/p>\n","protected":false},"author":3,"featured_media":4586,"comment_status":"closed","ping_status":"open","sticky":false,"template":"","format":"standard","meta":{"footnotes":""},"categories":[999],"tags":[66,67,836,183,240,241,572],"class_list":["post-4585","post","type-post","status-publish","format-standard","has-post-thumbnail","hentry","category-cooperativismo","tag-arroyito","tag-arroyito-cordoba","tag-arroyito-online","tag-cespal","tag-cooperativa","tag-cooperativismo","tag-noticias-de-arroyito-y-zona"],"_links":{"self":[{"href":"https:\/\/arroyitoonline.com.ar\/index.php?rest_route=\/wp\/v2\/posts\/4585","targetHints":{"allow":["GET"]}}],"collection":[{"href":"https:\/\/arroyitoonline.com.ar\/index.php?rest_route=\/wp\/v2\/posts"}],"about":[{"href":"https:\/\/arroyitoonline.com.ar\/index.php?rest_route=\/wp\/v2\/types\/post"}],"author":[{"embeddable":true,"href":"https:\/\/arroyitoonline.com.ar\/index.php?rest_route=\/wp\/v2\/users\/3"}],"replies":[{"embeddable":true,"href":"https:\/\/arroyitoonline.com.ar\/index.php?rest_route=%2Fwp%2Fv2%2Fcomments&post=4585"}],"version-history":[{"count":1,"href":"https:\/\/arroyitoonline.com.ar\/index.php?rest_route=\/wp\/v2\/posts\/4585\/revisions"}],"predecessor-version":[{"id":4587,"href":"https:\/\/arroyitoonline.com.ar\/index.php?rest_route=\/wp\/v2\/posts\/4585\/revisions\/4587"}],"wp:featuredmedia":[{"embeddable":true,"href":"https:\/\/arroyitoonline.com.ar\/index.php?rest_route=\/wp\/v2\/media\/4586"}],"wp:attachment":[{"href":"https:\/\/arroyitoonline.com.ar\/index.php?rest_route=%2Fwp%2Fv2%2Fmedia&parent=4585"}],"wp:term":[{"taxonomy":"category","embeddable":true,"href":"https:\/\/arroyitoonline.com.ar\/index.php?rest_route=%2Fwp%2Fv2%2Fcategories&post=4585"},{"taxonomy":"post_tag","embeddable":true,"href":"https:\/\/arroyitoonline.com.ar\/index.php?rest_route=%2Fwp%2Fv2%2Ftags&post=4585"}],"curies":[{"name":"wp","href":"https:\/\/api.w.org\/{rel}","templated":true}]}}