{"id":4606,"date":"2019-07-10T13:23:13","date_gmt":"2019-07-10T13:23:13","guid":{"rendered":"https:\/\/arroyitoonline.com.ar\/?p=4606"},"modified":"2019-07-10T15:53:52","modified_gmt":"2019-07-10T15:53:52","slug":"fallecio-de-la-rua-el-ultimo-presidente-que-visito-arroyito-en-ejercicio-de-sus-funciones","status":"publish","type":"post","link":"https:\/\/arroyitoonline.com.ar\/?p=4606","title":{"rendered":"Falleci\u00f3 De La R\u00faa, el \u00faltimo presidente que visit\u00f3 Arroyito en ejercicio de sus funciones"},"content":{"rendered":"\n<p><strong>Promediando 2001, con un almuerzo en la C\u00fapula, Arcor celebr\u00f3 sus 50 a\u00f1os y moviliz\u00f3 cuatro protocolos, para la visita de quien era el primer mandatario nacional en ese entonces.<\/strong><\/p>\n\n\n\n<p>Seg\u00fan publica <a href=\"https:\/\/www.infobae.com\/politica\/2019\/07\/09\/murio-fernando-de-la-rua\/\">Infobae<\/a>, ayer, a los 81 a\u00f1os,&nbsp;<strong>muri\u00f3 Fernando de la R\u00faa<\/strong>. El expresidente estaba internado en grave estado en la cl\u00ednica Fleni desde el 28 de enero. En las \u00faltimas horas su estado hab\u00eda empeorado a ra\u00edz de una&nbsp;descompensaci\u00f3n card\u00edaca y renal.<\/p>\n\n\n\n<p>Luego de conocerse la noticia apareci\u00f3 el recuerdo de su visita a Arroyito, promediando el a\u00f1o 2001, cuando la empresa Arcor celebr\u00f3 sus bodas de oro, con bombos y platillos. Entre otros eventos, el m\u00e1s relevante, fue un acto que involucr\u00f3 la participaci\u00f3n de cuatro protocolos: el de la propia compa\u00f1\u00eda, a cargo de Jorge Lawson, y los de los gobiernos Nacional, Provincial y Municipal; este \u00faltimo en manos de quien era el secretario de Gobierno, Lic. Mariano Acosta, que as\u00ed lo relat\u00f3 a <strong>Arroyito Online<\/strong>. <\/p>\n\n\n\n<p>El hoy vicedirector y docente de la Escuela Dr. Dalmacio V\u00e9lez Sarsfield, que cumpl\u00eda funciones en la gesti\u00f3n local del m\u00e9dico Oscar Almaraz, coment\u00f3 que, unos tres d\u00edas antes del acontecimiento, los encargados de los cuatro protocolos se instalaron en la ciudad conciliando las acciones de cara al inmenso acto. &nbsp;<\/p>\n\n\n\n<figure><iframe loading=\"lazy\" src=\"https:\/\/www.facebook.com\/plugins\/post.php?href=https%3A%2F%2Fwww.facebook.com%2Flic.marianoacosta%2Fposts%2F10157306609922822&amp;width=500\" width=\"500\" height=\"546\"><\/iframe><\/figure>\n\n\n\n<p>La foto de portada de esta nota, que fue tomada por Walter Llanes, retrata el arribo de la comitiva presidencial al Hostal del Arroyito el d\u00eda del acontecimiento. A continuaci\u00f3n, Luis Pagani, Almaraz, De La Sota (el gobernador de aquel momento) y De La R\u00faa, junto a pol\u00edticos y referentes de la compa\u00f1\u00eda, se dirigieron en colectivo, primero por Av. Bernardi y luego por Av. Mariano Moreno, a la C\u00fapula del Polideportivo Enrique Brizio del Club Deportivo y Cultural Arroyito, para su participaci\u00f3n en el almuerzo que estaba previsto como centro de los festejos por los memorables 50 a\u00f1os de Arcor.<\/p>\n\n\n\n<p><strong>Una visita que no pudo ser<\/strong><\/p>\n\n\n\n<p>Por su parte, Mauricio Macri pudo haber llegado a nuestra ciudad siendo presidente pero, luego de varias idas y vueltas, la visita no se concret\u00f3. <\/p>\n\n\n\n<p>La legada del mandatario iba a producirse en el marco de la inauguraci\u00f3n, en agosto de 2016, de la nueva planta de jarabe de ma\u00edz, en la que Arcor invirti\u00f3 70 millones de d\u00f3lares.<\/p>\n\n\n\n<p>Incluso el evento fue reprogramado varias veces pero, el d\u00eda de su realizaci\u00f3n, Macri no lleg\u00f3 por las adversas condiciones del tiempo, ya que hab\u00eda niebla. Ante su ausencia, Mauricio se disculp\u00f3 con el env\u00edo de un video filmado desde el avi\u00f3n en el que viajaba. <\/p>\n\n\n\n<p>Foto: Walter Llanes. <\/p>\n\n\n\n<p>Fuente: Prof. Lic. Mariano Acosta.<\/p>\n\n\n\n<p><strong>Duelo Municipal<\/strong><\/p>\n\n\n\n<p>La Municipalidad de la ciudad de Arroyito, a trav\u00e9s del intendente Mauricio Cravero, ha declarado mendiante Decreto N\u00b0 629-B\/19 Duelo Municipal por el t\u00e9rmino de tres d\u00edas, con motivo del fallecimiento el pasado 9 de julio del expresidente de la Rep\u00fablica Argentina, Dr. Fernando de La R\u00faa.\u00a0<\/p>\n\n\n\n<p>Adem\u00e1s se dispuso\u00a0izar la bandera a media asta en los edificios municipales y lugares p\u00fablicos por el plazo de 72 horas.<\/p>\n","protected":false},"excerpt":{"rendered":"<p>Promediando 2001, con un almuerzo en la C\u00fapula, Arcor celebr\u00f3 sus 50 a\u00f1os y moviliz\u00f3 cuatro protocolos, para la visita&hellip;<\/p>\n","protected":false},"author":3,"featured_media":4607,"comment_status":"closed","ping_status":"open","sticky":false,"template":"","format":"standard","meta":{"footnotes":""},"categories":[8],"tags":[66,67,836,571,640],"class_list":["post-4606","post","type-post","status-publish","format-standard","has-post-thumbnail","hentry","category-politica","tag-arroyito","tag-arroyito-cordoba","tag-arroyito-online","tag-noticia","tag-politica"],"_links":{"self":[{"href":"https:\/\/arroyitoonline.com.ar\/index.php?rest_route=\/wp\/v2\/posts\/4606","targetHints":{"allow":["GET"]}}],"collection":[{"href":"https:\/\/arroyitoonline.com.ar\/index.php?rest_route=\/wp\/v2\/posts"}],"about":[{"href":"https:\/\/arroyitoonline.com.ar\/index.php?rest_route=\/wp\/v2\/types\/post"}],"author":[{"embeddable":true,"href":"https:\/\/arroyitoonline.com.ar\/index.php?rest_route=\/wp\/v2\/users\/3"}],"replies":[{"embeddable":true,"href":"https:\/\/arroyitoonline.com.ar\/index.php?rest_route=%2Fwp%2Fv2%2Fcomments&post=4606"}],"version-history":[{"count":4,"href":"https:\/\/arroyitoonline.com.ar\/index.php?rest_route=\/wp\/v2\/posts\/4606\/revisions"}],"predecessor-version":[{"id":4618,"href":"https:\/\/arroyitoonline.com.ar\/index.php?rest_route=\/wp\/v2\/posts\/4606\/revisions\/4618"}],"wp:featuredmedia":[{"embeddable":true,"href":"https:\/\/arroyitoonline.com.ar\/index.php?rest_route=\/wp\/v2\/media\/4607"}],"wp:attachment":[{"href":"https:\/\/arroyitoonline.com.ar\/index.php?rest_route=%2Fwp%2Fv2%2Fmedia&parent=4606"}],"wp:term":[{"taxonomy":"category","embeddable":true,"href":"https:\/\/arroyitoonline.com.ar\/index.php?rest_route=%2Fwp%2Fv2%2Fcategories&post=4606"},{"taxonomy":"post_tag","embeddable":true,"href":"https:\/\/arroyitoonline.com.ar\/index.php?rest_route=%2Fwp%2Fv2%2Ftags&post=4606"}],"curies":[{"name":"wp","href":"https:\/\/api.w.org\/{rel}","templated":true}]}}