{"id":4645,"date":"2019-07-13T19:25:50","date_gmt":"2019-07-13T19:25:50","guid":{"rendered":"https:\/\/arroyitoonline.com.ar\/?p=4645"},"modified":"2019-07-13T19:29:09","modified_gmt":"2019-07-13T19:29:09","slug":"el-ciclismo-en-ruta-llega-a-arroyito","status":"publish","type":"post","link":"https:\/\/arroyitoonline.com.ar\/?p=4645","title":{"rendered":"El Ciclismo en Ruta llega a Arroyito"},"content":{"rendered":"\n<p><strong>Se trata de un circuito establecido de 4.800 metros dispuesto sobre la rotonda norte del acceso a Circunvalaci\u00f3n de la Ruta E-52.<\/strong><\/p>\n\n\n\n<p>Este domingo 14 de julio, en nuestra ciudad, se desarrollar\u00e1 la 1\u00aa Fecha puntuable del Campeonato Rutas del Este Cordob\u00e9s, en la modalidad bicicletas. Pueden participar los federados y los no federados, como as\u00ed tambi\u00e9n, los aficionados con su MTB (ruedas anchas).<\/p>\n\n\n\n<p>Se trata de un circuito establecido de 4.800 metros dispuesto sobre la rotonda norte del acceso a Circunvalaci\u00f3n de la Ruta E-52, donde se realizar\u00e1 el evento. Las inscripciones est\u00e1n previstas desde las 9:00 y el comienzo de la competencia ser\u00e1 a las 10:00 horas. <\/p>\n\n\n\n<figure class=\"wp-block-image\"><img loading=\"lazy\" decoding=\"async\" width=\"1024\" height=\"768\" src=\"https:\/\/arroyitoonline.com.ar\/wp-content\/uploads\/2019\/07\/ciclismo-en-ruta-1024x768.jpg\" alt=\"\" class=\"wp-image-4647\" srcset=\"https:\/\/arroyitoonline.com.ar\/wp-content\/uploads\/2019\/07\/ciclismo-en-ruta-1024x768.jpg 1024w, https:\/\/arroyitoonline.com.ar\/wp-content\/uploads\/2019\/07\/ciclismo-en-ruta-300x225.jpg 300w, https:\/\/arroyitoonline.com.ar\/wp-content\/uploads\/2019\/07\/ciclismo-en-ruta-768x576.jpg 768w, https:\/\/arroyitoonline.com.ar\/wp-content\/uploads\/2019\/07\/ciclismo-en-ruta.jpg 1200w\" sizes=\"auto, (max-width: 1024px) 100vw, 1024px\" \/><\/figure>\n\n\n\n<p>El reglamento sobre puntuaci\u00f3n y definici\u00f3n ser\u00e1 similar al de un campeonato provincial. La organizaci\u00f3n est\u00e1 a cargo de la Municipalidad de Arroyito juntamente con Amigos del Pedal y la fiscalizaci\u00f3n ser\u00e1 de la Federaci\u00f3n Ciclista Cordobesa (FCC).<\/p>\n\n\n\n<p>La Segunda fecha se correr\u00e1 en Calch\u00edn Oeste, el 4 de agosto, y la final y la coronaci\u00f3n ser\u00e1n en Las Varillas , el 8 de septiembre pr\u00f3ximo.<\/p>\n\n\n\n<p>Foto de portada: El Espa\u00f1ol.<\/p>\n","protected":false},"excerpt":{"rendered":"<p>Se trata de un circuito establecido de 4.800 metros dispuesto sobre la rotonda norte del acceso a Circunvalaci\u00f3n de la&hellip;<\/p>\n","protected":false},"author":3,"featured_media":4646,"comment_status":"closed","ping_status":"open","sticky":false,"template":"","format":"standard","meta":{"footnotes":""},"categories":[3],"tags":[66,67,836,1000,192,276,277,868,555,556,572],"class_list":["post-4645","post","type-post","status-publish","format-standard","has-post-thumbnail","hentry","category-infodeporte","tag-arroyito","tag-arroyito-cordoba","tag-arroyito-online","tag-bicicleta","tag-ciclismo","tag-deporte","tag-deportes","tag-municipales-online","tag-municipalidad","tag-municipalidad-de-arroyito","tag-noticias-de-arroyito-y-zona"],"_links":{"self":[{"href":"https:\/\/arroyitoonline.com.ar\/index.php?rest_route=\/wp\/v2\/posts\/4645","targetHints":{"allow":["GET"]}}],"collection":[{"href":"https:\/\/arroyitoonline.com.ar\/index.php?rest_route=\/wp\/v2\/posts"}],"about":[{"href":"https:\/\/arroyitoonline.com.ar\/index.php?rest_route=\/wp\/v2\/types\/post"}],"author":[{"embeddable":true,"href":"https:\/\/arroyitoonline.com.ar\/index.php?rest_route=\/wp\/v2\/users\/3"}],"replies":[{"embeddable":true,"href":"https:\/\/arroyitoonline.com.ar\/index.php?rest_route=%2Fwp%2Fv2%2Fcomments&post=4645"}],"version-history":[{"count":2,"href":"https:\/\/arroyitoonline.com.ar\/index.php?rest_route=\/wp\/v2\/posts\/4645\/revisions"}],"predecessor-version":[{"id":4649,"href":"https:\/\/arroyitoonline.com.ar\/index.php?rest_route=\/wp\/v2\/posts\/4645\/revisions\/4649"}],"wp:featuredmedia":[{"embeddable":true,"href":"https:\/\/arroyitoonline.com.ar\/index.php?rest_route=\/wp\/v2\/media\/4646"}],"wp:attachment":[{"href":"https:\/\/arroyitoonline.com.ar\/index.php?rest_route=%2Fwp%2Fv2%2Fmedia&parent=4645"}],"wp:term":[{"taxonomy":"category","embeddable":true,"href":"https:\/\/arroyitoonline.com.ar\/index.php?rest_route=%2Fwp%2Fv2%2Fcategories&post=4645"},{"taxonomy":"post_tag","embeddable":true,"href":"https:\/\/arroyitoonline.com.ar\/index.php?rest_route=%2Fwp%2Fv2%2Ftags&post=4645"}],"curies":[{"name":"wp","href":"https:\/\/api.w.org\/{rel}","templated":true}]}}