{"id":4651,"date":"2019-07-15T02:37:18","date_gmt":"2019-07-15T02:37:18","guid":{"rendered":"https:\/\/arroyitoonline.com.ar\/?p=4651"},"modified":"2019-07-15T02:37:20","modified_gmt":"2019-07-15T02:37:20","slug":"lafarina-con-viviana-estamos-seguros-de-que-arroyito-no-vuelve-para-atras","status":"publish","type":"post","link":"https:\/\/arroyitoonline.com.ar\/?p=4651","title":{"rendered":"Lafarina: &#8220;Con Viviana estamos seguros de que Arroyito no vuelve para atr\u00e1s&#8221;"},"content":{"rendered":"\n<p><strong>Ayer, en la presentaci\u00f3n de la f\u00f3rmula oficialista, el ingeniero dijo que \u00e9l y Vercelli son<\/strong><em><strong> &#8220;los candidatos elegidos de la actual gesti\u00f3n municipal&#8221;<\/strong><\/em><strong>.<\/strong> <\/p>\n\n\n\n<p>Este s\u00e1bado 13 de julio fue presentada la f\u00f3rmula Daniel Lafarina intendente \u2013 Viviana Vercelli vice, como precandidatos oficialistas, de cara a las elecciones municipales de este a\u00f1o. Los comicios se desarrollar\u00edan entre el \u00faltimo domingo de septiembre y el \u00faltimo domingo de octubre pr\u00f3ximos, seg\u00fan lo confirm\u00f3 el propio Mauricio Cravero, en diversas notas period\u00edsticas. <\/p>\n\n\n\n<p>Lo que era un secreto a voces\ntermin\u00f3 confirm\u00e1ndose mediante un video, a trav\u00e9s del cual y en primera\npersona, la actual titular de la oficina de Empleo y la Universidad Popular\nratific\u00f3 su acompa\u00f1amiento al ingeniero civil, que hoy est\u00e1 a cargo de la\ncartera municipal de Obras P\u00fablicas. <\/p>\n\n\n\n<p>En la oportunidad asistieron miembros del equipo y vecinos, pero, si bien es cierto que Lafarina ha recibido el apoyo total del actual primer mandatario local, Cravero y su esposa Mar\u00eda Laura \u2013quien tiempo atr\u00e1s hab\u00eda aparecido en im\u00e1genes de la campa\u00f1a- no estuvieron presentes en el bar c\u00e9ntrico donde se produjo la presentaci\u00f3n del binomio. Tal vez en un intento de que Daniel despegue de la actual gesti\u00f3n y fortalezca su propia imagen.  <\/p>\n\n\n\n<figure><iframe loading=\"lazy\" src=\"https:\/\/www.facebook.com\/plugins\/video.php?href=https%3A%2F%2Fwww.facebook.com%2Farroyitoonlineoficial%2Fvideos%2F2334379776882637%2F&amp;show_text=0&amp;width=560\" width=\"560\" height=\"315\" allowfullscreen=\"true\"><\/iframe><\/figure>\n\n\n\n<p><strong>Daniel y Viviana dijeron que <em>&#8220;Arroyito no vuelve para atr\u00e1s&#8221;<\/em><\/strong><\/p>\n\n\n\n<p>Lejos del pensamiento de que podr\u00eda producirse un consenso o de la versi\u00f3n que indica que, a fin de mes, habr\u00eda una encuesta que medir\u00eda la intenci\u00f3n de voto de los cinco precandidatos radicales; Lafarina y Vercelli se mostraron listos para la interna partidaria. En este sentido se direccionaron sus declaraciones de ayer a la ma\u00f1ana. A continuaci\u00f3n, algunos de sus textuales:<\/p>\n\n\n\n<p>Lafarina:<em> &#8220;Buscaba una compa\u00f1era comprometida y honesta, con la fuerza de la juventud, pero tambi\u00e9n con experiencia en gesti\u00f3n y conducta intachable en la cosa p\u00fablica, que entienda la misma misi\u00f3n y la misma visi\u00f3n del Arroyito que todos queremos, que est\u00e9 dispuesta a darlo todo y a caminar con nosotros la calle y ah\u00ed nom\u00e1s surgi\u00f3 el nombre de Viviana Vercelli&#8221;<\/em>. <\/p>\n\n\n\n<p>Lafarina: <em>&#8220;Viviana va a ser parte de una f\u00f3rmula que va a ser 50% y 50%. Quien hable con Lafarina, haga de cuenta que est\u00e1 hablando con Vercelli y quien hable con Vercelli haga de cuenta que va a estar hablando con Lafarina. No nos vamos a desconocer, sino que vamos a sumar para que esto llegue a buen puerto&#8221;<\/em>.<\/p>\n\n\n\n<p>Vercelli, emocionada: <em>&#8220;Consult\u00e9 con mi familia, mis amigos, con Chela, con nuestro referente, Mauricio, y me dijo `es tu decisi\u00f3n, pero tienen el apoyo de m\u00ed al 100%\u00b4. Estoy convencida de que va a ser un excelente intendente. Quiz\u00e1 ninguno de los dos somos pol\u00edticos, y muchos lo pueden ver como una virtud o una debilidad, pero podemos asegurar que tenemos muchas ganas de trabajar, de seguir viendo crecer a nuestra ciudad. Venimos de profesiones distintas y eso va a ser un complemento. No me asusta este desaf\u00edo de ser vice&#8221;<\/em>.<\/p>\n\n\n\n<p>Vercelli: <em>&#8220;Yo no me reun\u00ed con ning\u00fan otro precandidato, pero s\u00ed uno hace varios meses me envi\u00f3 un mensaje con la intenci\u00f3n de que formara parte de su equipo. Yo estoy convencida de haber aceptado ser viceintendenta y el que me conoce sabe que yo no fui a ofrecerme a ser vice o querer alg\u00fan cargo para trabajar en esto. Vi en \u00e9l (Daniel) muchas actitudes que no las tienen los otros candidatos&#8221;<\/em>. <\/p>\n\n\n\n<p>Lafarina:<em> &#8220;Somos los candidatos elegidos de la actual gesti\u00f3n municipal. Arroyito ya tiene trazado un norte, tiene que seguir avanzando y progresando y con Viviana estamos seguros que Arroyito no vuelve para atr\u00e1s&#8221;<\/em>. <\/p>\n","protected":false},"excerpt":{"rendered":"<p>Ayer, en la presentaci\u00f3n de la f\u00f3rmula oficialista, el ingeniero dijo que \u00e9l y Vercelli son &#8220;los candidatos elegidos de&hellip;<\/p>\n","protected":false},"author":3,"featured_media":4652,"comment_status":"closed","ping_status":"open","sticky":false,"template":"","format":"standard","meta":{"footnotes":""},"categories":[8],"tags":[66,67,836,454,870,837,640,667,871,896],"class_list":["post-4651","post","type-post","status-publish","format-standard","has-post-thumbnail","hentry","category-politica","tag-arroyito","tag-arroyito-cordoba","tag-arroyito-online","tag-intendente","tag-interna-radical","tag-lafarina","tag-politica","tag-radical","tag-radicalismo","tag-viceintendente"],"_links":{"self":[{"href":"https:\/\/arroyitoonline.com.ar\/index.php?rest_route=\/wp\/v2\/posts\/4651","targetHints":{"allow":["GET"]}}],"collection":[{"href":"https:\/\/arroyitoonline.com.ar\/index.php?rest_route=\/wp\/v2\/posts"}],"about":[{"href":"https:\/\/arroyitoonline.com.ar\/index.php?rest_route=\/wp\/v2\/types\/post"}],"author":[{"embeddable":true,"href":"https:\/\/arroyitoonline.com.ar\/index.php?rest_route=\/wp\/v2\/users\/3"}],"replies":[{"embeddable":true,"href":"https:\/\/arroyitoonline.com.ar\/index.php?rest_route=%2Fwp%2Fv2%2Fcomments&post=4651"}],"version-history":[{"count":1,"href":"https:\/\/arroyitoonline.com.ar\/index.php?rest_route=\/wp\/v2\/posts\/4651\/revisions"}],"predecessor-version":[{"id":4653,"href":"https:\/\/arroyitoonline.com.ar\/index.php?rest_route=\/wp\/v2\/posts\/4651\/revisions\/4653"}],"wp:featuredmedia":[{"embeddable":true,"href":"https:\/\/arroyitoonline.com.ar\/index.php?rest_route=\/wp\/v2\/media\/4652"}],"wp:attachment":[{"href":"https:\/\/arroyitoonline.com.ar\/index.php?rest_route=%2Fwp%2Fv2%2Fmedia&parent=4651"}],"wp:term":[{"taxonomy":"category","embeddable":true,"href":"https:\/\/arroyitoonline.com.ar\/index.php?rest_route=%2Fwp%2Fv2%2Fcategories&post=4651"},{"taxonomy":"post_tag","embeddable":true,"href":"https:\/\/arroyitoonline.com.ar\/index.php?rest_route=%2Fwp%2Fv2%2Ftags&post=4651"}],"curies":[{"name":"wp","href":"https:\/\/api.w.org\/{rel}","templated":true}]}}