{"id":4666,"date":"2019-07-14T22:13:25","date_gmt":"2019-07-14T22:13:25","guid":{"rendered":"https:\/\/arroyitoonline.com.ar\/?p=4666"},"modified":"2019-07-15T04:20:33","modified_gmt":"2019-07-15T04:20:33","slug":"durante-el-fin-de-semana-la-policia-secuestro-tres-motos","status":"publish","type":"post","link":"https:\/\/arroyitoonline.com.ar\/?p=4666","title":{"rendered":"Durante el fin de semana, la Polic\u00eda secuestr\u00f3 tres motos"},"content":{"rendered":"\n<p><strong>Todos los rodados circulaban sin las medidas de seguridad correspondientes y estaban carentes de documentaci\u00f3n.<\/strong><\/p>\n\n\n\n<p>A lo largo del fin de semana, la Polic\u00eda secuestr\u00f3 tres motoveh\u00edculos, por infracci\u00f3n a la <a href=\"http:\/\/web2.cba.gov.ar\/web\/leyes.nsf\/0\/552ACB55D877A2A303257F84007D69FA?OpenDocument&amp;Highlight=0,10326\">Ley N\u00ba 10.326<\/a>, C\u00f3digo de Convivencia Ciudadana de la Provincia de C\u00f3rdoba. <\/p>\n\n\n\n<p>Las retenciones ocurrieron el viernes a las 22:30, en Tomas Ju\u00e1rez al 1.300; el s\u00e1bado a las 22:45, en Av. Mariano Moreno esquina Av. Pont\u00edn, y a las 0:30 del domingo, en Belgrano y Av. Bernardo Erb.<\/p>\n\n\n\n<p>Todos los rodados circulaban sin las medidas de seguridad correspondientes y estaban carentes de documentaci\u00f3n.<\/p>\n\n\n\n<p>Fuente y foto: informe del comisario Inspector Pablo Berardo. <\/p>\n","protected":false},"excerpt":{"rendered":"<p>Todos los rodados circulaban sin las medidas de seguridad correspondientes y estaban carentes de documentaci\u00f3n. A lo largo del fin&hellip;<\/p>\n","protected":false},"author":3,"featured_media":4667,"comment_status":"closed","ping_status":"open","sticky":false,"template":"","format":"standard","meta":{"footnotes":""},"categories":[824],"tags":[66,67,836,547,572,635,637,638,825],"class_list":["post-4666","post","type-post","status-publish","format-standard","has-post-thumbnail","hentry","category-policiales-online","tag-arroyito","tag-arroyito-cordoba","tag-arroyito-online","tag-motos","tag-noticias-de-arroyito-y-zona","tag-policia","tag-policiales","tag-policiales-arroyito","tag-policiales-online"],"_links":{"self":[{"href":"https:\/\/arroyitoonline.com.ar\/index.php?rest_route=\/wp\/v2\/posts\/4666","targetHints":{"allow":["GET"]}}],"collection":[{"href":"https:\/\/arroyitoonline.com.ar\/index.php?rest_route=\/wp\/v2\/posts"}],"about":[{"href":"https:\/\/arroyitoonline.com.ar\/index.php?rest_route=\/wp\/v2\/types\/post"}],"author":[{"embeddable":true,"href":"https:\/\/arroyitoonline.com.ar\/index.php?rest_route=\/wp\/v2\/users\/3"}],"replies":[{"embeddable":true,"href":"https:\/\/arroyitoonline.com.ar\/index.php?rest_route=%2Fwp%2Fv2%2Fcomments&post=4666"}],"version-history":[{"count":1,"href":"https:\/\/arroyitoonline.com.ar\/index.php?rest_route=\/wp\/v2\/posts\/4666\/revisions"}],"predecessor-version":[{"id":4668,"href":"https:\/\/arroyitoonline.com.ar\/index.php?rest_route=\/wp\/v2\/posts\/4666\/revisions\/4668"}],"wp:featuredmedia":[{"embeddable":true,"href":"https:\/\/arroyitoonline.com.ar\/index.php?rest_route=\/wp\/v2\/media\/4667"}],"wp:attachment":[{"href":"https:\/\/arroyitoonline.com.ar\/index.php?rest_route=%2Fwp%2Fv2%2Fmedia&parent=4666"}],"wp:term":[{"taxonomy":"category","embeddable":true,"href":"https:\/\/arroyitoonline.com.ar\/index.php?rest_route=%2Fwp%2Fv2%2Fcategories&post=4666"},{"taxonomy":"post_tag","embeddable":true,"href":"https:\/\/arroyitoonline.com.ar\/index.php?rest_route=%2Fwp%2Fv2%2Ftags&post=4666"}],"curies":[{"name":"wp","href":"https:\/\/api.w.org\/{rel}","templated":true}]}}