{"id":4670,"date":"2019-07-15T13:49:05","date_gmt":"2019-07-15T13:49:05","guid":{"rendered":"https:\/\/arroyitoonline.com.ar\/?p=4670"},"modified":"2019-07-15T13:49:07","modified_gmt":"2019-07-15T13:49:07","slug":"el-centro-vecinal-san-miguel-vendio-1-000-porciones-de-locro-a-beneficio-de-la-proa","status":"publish","type":"post","link":"https:\/\/arroyitoonline.com.ar\/?p=4670","title":{"rendered":"El Centro Vecinal San Miguel vendi\u00f3 1.000 porciones de locro a beneficio de la ProA"},"content":{"rendered":"\n<p><strong>Lo recaudado por la entidad tambi\u00e9n estar\u00e1 destinado a la colaboraci\u00f3n con las diversas actividades que se realizan en la instituci\u00f3n del sector sur.<\/strong> <\/p>\n\n\n\n<p>Ayer, miembros del Centro Vecinal San Miguel cocinaron y vendieron 1.000 porciones de locro.<\/p>\n\n\n\n<p>Seg\u00fan lo informado por la instituci\u00f3n, lo recaudado estar\u00e1 destinado a la colaboraci\u00f3n con la flamante escuela ProA [Programa Avanzado en Educaci\u00f3n] local y con todas las actividades que se realizan en el mismo centro vecinal.<\/p>\n\n\n\n<p>Adem\u00e1s colabor\u00f3 con la preparaci\u00f3n del locro, el nuevo grupo scout Flor de Ceibo, que comparte predio con esa importante entidad del sector sur. <\/p>\n\n\n\n<p><strong>Cambio de autoridades<\/strong><\/p>\n\n\n\n<p>Cabe destacar que, el pasado viernes 7 de junio, el San Miguel concret\u00f3 su Asamblea General Ordinaria renovando las autoridades de la comisi\u00f3n directiva, la cual qued\u00f3 integrada de la siguiente manera: presidente, Daniel Demichelis; vicepresidente, Ariel Callejo; secretario, Marcelo Vera; prosecretario, Ana Mar\u00eda Sandoval; tesorero, Sergio C\u00f3rdoba; protesorera, Mar\u00eda G\u00f3mez; vocales titulares, Eduardo Emilio, Ariel Longo y H\u00e9ctor Capello; vocales suplentes, Teresa Cabrera y Julio Gallegos; revisadores de Cuentas titulares, Sergio Oropel, Julio Cepeda y Antonio Rodr\u00edguez (presidente saliente) y revisador de Cuentas Suplente, Sergio Brunotto.<\/p>\n","protected":false},"excerpt":{"rendered":"<p>Lo recaudado por la entidad tambi\u00e9n estar\u00e1 destinado a la colaboraci\u00f3n con las diversas actividades que se realizan en la&hellip;<\/p>\n","protected":false},"author":3,"featured_media":4671,"comment_status":"closed","ping_status":"open","sticky":false,"template":"","format":"standard","meta":{"footnotes":""},"categories":[860],"tags":[66,67,836,179,859,572,720],"class_list":["post-4670","post","type-post","status-publish","format-standard","has-post-thumbnail","hentry","category-solidaridad-online","tag-arroyito","tag-arroyito-cordoba","tag-arroyito-online","tag-centro-vecinal-san-miguel","tag-escuela-proa","tag-noticias-de-arroyito-y-zona","tag-sector-sur"],"_links":{"self":[{"href":"https:\/\/arroyitoonline.com.ar\/index.php?rest_route=\/wp\/v2\/posts\/4670","targetHints":{"allow":["GET"]}}],"collection":[{"href":"https:\/\/arroyitoonline.com.ar\/index.php?rest_route=\/wp\/v2\/posts"}],"about":[{"href":"https:\/\/arroyitoonline.com.ar\/index.php?rest_route=\/wp\/v2\/types\/post"}],"author":[{"embeddable":true,"href":"https:\/\/arroyitoonline.com.ar\/index.php?rest_route=\/wp\/v2\/users\/3"}],"replies":[{"embeddable":true,"href":"https:\/\/arroyitoonline.com.ar\/index.php?rest_route=%2Fwp%2Fv2%2Fcomments&post=4670"}],"version-history":[{"count":1,"href":"https:\/\/arroyitoonline.com.ar\/index.php?rest_route=\/wp\/v2\/posts\/4670\/revisions"}],"predecessor-version":[{"id":4672,"href":"https:\/\/arroyitoonline.com.ar\/index.php?rest_route=\/wp\/v2\/posts\/4670\/revisions\/4672"}],"wp:featuredmedia":[{"embeddable":true,"href":"https:\/\/arroyitoonline.com.ar\/index.php?rest_route=\/wp\/v2\/media\/4671"}],"wp:attachment":[{"href":"https:\/\/arroyitoonline.com.ar\/index.php?rest_route=%2Fwp%2Fv2%2Fmedia&parent=4670"}],"wp:term":[{"taxonomy":"category","embeddable":true,"href":"https:\/\/arroyitoonline.com.ar\/index.php?rest_route=%2Fwp%2Fv2%2Fcategories&post=4670"},{"taxonomy":"post_tag","embeddable":true,"href":"https:\/\/arroyitoonline.com.ar\/index.php?rest_route=%2Fwp%2Fv2%2Ftags&post=4670"}],"curies":[{"name":"wp","href":"https:\/\/api.w.org\/{rel}","templated":true}]}}