{"id":4673,"date":"2019-07-15T15:54:06","date_gmt":"2019-07-15T15:54:06","guid":{"rendered":"https:\/\/arroyitoonline.com.ar\/?p=4673"},"modified":"2019-07-15T15:54:08","modified_gmt":"2019-07-15T15:54:08","slug":"se-presentaron-17-oferentes-para-la-ejecucion-de-las-cloacas-del-sur","status":"publish","type":"post","link":"https:\/\/arroyitoonline.com.ar\/?p=4673","title":{"rendered":"Se presentaron 17 oferentes para la ejecuci\u00f3n de las cloacas del sur"},"content":{"rendered":"\n<p><strong>El presupuesto oficial de la obra supera los $82 millones, con <\/strong><em><strong>&#8220;costo cero para los frentistas&#8221;<\/strong><\/em><strong>, seg\u00fan lo dijo el secretario de Obras P\u00fablicas Daniel Lafarina. <\/strong><\/p>\n\n\n\n<p>En la ma\u00f1ana del pasado viernes, el secretario de Obras P\u00fablicas Daniel Lafarina presenci\u00f3 y particip\u00f3 en la apertura de sobres de la licitaci\u00f3n p\u00fablica para la ejecuci\u00f3n de la obra Cloaca m\u00e1xima e instalaciones complementarias Zona Sur, que se desarroll\u00f3 en el Auditorio del Ministerio de Agua, Ambiente y Servicios P\u00fablicos del Gobierno de la Provincia de C\u00f3rdoba.<\/p>\n\n\n\n<p>Un total de 17 empresas constructoras presentaron sus ofertas econ\u00f3micas para esta licitaci\u00f3n, que tiene como presupuesto oficial la suma de $82.771.418. El plazo de ejecuci\u00f3n de los trabajos es de 12 meses y comenzar\u00e1 una vez que se firme el contrato con la compa\u00f1\u00eda que resulte vencedora del proceso licitatorio.<\/p>\n\n\n\n<p><em>&#8220;Quiero destacar y no\u00a0 olvidar la gran gesti\u00f3n del intendente Cravero por luchar y conseguir esta obra muy anhelada por toda nuestra ciudad y sobre todo para los vecinos del sector sur, que los va a beneficiar directamente. Vale recordar que esta obra va a ser ejecutada por la Provincia, con costo cero para los frentistas. Hemos gestionado mucho para que esto sea realidad y despu\u00e9s de tanto trabajo est\u00e1 todo llegando a buen puerto, como esper\u00e1bamos&#8221;<\/em>, dijo Lafarina.<\/p>\n\n\n\n<p>La audiencia estuvo encabezada por el presidente de la Agencia C\u00f3rdoba de Inversi\u00f3n y Financiamiento Sociedad de Econom\u00eda Mixta (Acifsem), Marcelo Botta, y cont\u00f3 con la presencia de la escribana General de Gobierno, Mar\u00eda Amelia Assaad; la directora general de Programas y Proyectos Sectoriales y Especiales del Ministerio del Interior, Obras P\u00fablicas y Vivienda, Mabel Mart\u00edn; el secretario de Servicios P\u00fablicos Alberto Bresciano; el subsecretario de Coordinaci\u00f3n y Administraci\u00f3n del Ministerio de Servicios P\u00fablicos, Gabriel Testagrossa; el vocal del directorio de la Acifsem; Guillermo Garro; la jefa de Compras, Contrataciones y Licitaciones del Ministerio de Servicios P\u00fablicos, Luc\u00eda Torre; y la asesora legal de la Acifsem, Carolina Avellaneda.<\/p>\n\n\n\n<p>Fuente: Prensa Municipal. <\/p>\n","protected":false},"excerpt":{"rendered":"<p>El presupuesto oficial de la obra supera los $82 millones, con &#8220;costo cero para los frentistas&#8221;, seg\u00fan lo dijo el&hellip;<\/p>\n","protected":false},"author":3,"featured_media":4674,"comment_status":"closed","ping_status":"open","sticky":false,"template":"","format":"standard","meta":{"footnotes":""},"categories":[879],"tags":[66,67,836,205,229,253,404,405,837,495,556,572,720],"class_list":["post-4673","post","type-post","status-publish","format-standard","has-post-thumbnail","hentry","category-servicios-publicos","tag-arroyito","tag-arroyito-cordoba","tag-arroyito-online","tag-cloacas","tag-concurso-de-precios","tag-cravero","tag-gobierno-de-cordoba","tag-gobierno-de-la-provincia","tag-lafarina","tag-licitacion","tag-municipalidad-de-arroyito","tag-noticias-de-arroyito-y-zona","tag-sector-sur"],"_links":{"self":[{"href":"https:\/\/arroyitoonline.com.ar\/index.php?rest_route=\/wp\/v2\/posts\/4673","targetHints":{"allow":["GET"]}}],"collection":[{"href":"https:\/\/arroyitoonline.com.ar\/index.php?rest_route=\/wp\/v2\/posts"}],"about":[{"href":"https:\/\/arroyitoonline.com.ar\/index.php?rest_route=\/wp\/v2\/types\/post"}],"author":[{"embeddable":true,"href":"https:\/\/arroyitoonline.com.ar\/index.php?rest_route=\/wp\/v2\/users\/3"}],"replies":[{"embeddable":true,"href":"https:\/\/arroyitoonline.com.ar\/index.php?rest_route=%2Fwp%2Fv2%2Fcomments&post=4673"}],"version-history":[{"count":1,"href":"https:\/\/arroyitoonline.com.ar\/index.php?rest_route=\/wp\/v2\/posts\/4673\/revisions"}],"predecessor-version":[{"id":4675,"href":"https:\/\/arroyitoonline.com.ar\/index.php?rest_route=\/wp\/v2\/posts\/4673\/revisions\/4675"}],"wp:featuredmedia":[{"embeddable":true,"href":"https:\/\/arroyitoonline.com.ar\/index.php?rest_route=\/wp\/v2\/media\/4674"}],"wp:attachment":[{"href":"https:\/\/arroyitoonline.com.ar\/index.php?rest_route=%2Fwp%2Fv2%2Fmedia&parent=4673"}],"wp:term":[{"taxonomy":"category","embeddable":true,"href":"https:\/\/arroyitoonline.com.ar\/index.php?rest_route=%2Fwp%2Fv2%2Fcategories&post=4673"},{"taxonomy":"post_tag","embeddable":true,"href":"https:\/\/arroyitoonline.com.ar\/index.php?rest_route=%2Fwp%2Fv2%2Ftags&post=4673"}],"curies":[{"name":"wp","href":"https:\/\/api.w.org\/{rel}","templated":true}]}}