{"id":4680,"date":"2019-07-15T19:21:06","date_gmt":"2019-07-15T19:21:06","guid":{"rendered":"https:\/\/arroyitoonline.com.ar\/?p=4680"},"modified":"2019-07-15T19:21:07","modified_gmt":"2019-07-15T19:21:07","slug":"gas-natural-cespal-seguira-facturando-de-modo-bimestral-a-los-residenciales","status":"publish","type":"post","link":"https:\/\/arroyitoonline.com.ar\/?p=4680","title":{"rendered":"Gas natural: Cespal seguir\u00e1 facturando de modo bimestral a los residenciales"},"content":{"rendered":"\n<p><strong>Adem\u00e1s, el consumo le\u00eddo se fraccionar\u00e1 en dos partes, las\nque se facturar\u00e1n por mes.<\/strong><\/p>\n\n\n\n<p>Cespal inform\u00f3 hoy, que seguir\u00e1 facturando de manera bimestral el servicio de Gas natural, a los usuarios residenciales. Adem\u00e1s, el consumo le\u00eddo se fraccionar\u00e1 en dos partes y esas s\u00ed se facturar\u00e1n por mes. <\/p>\n\n\n\n<p>En cambio, a los usuarios no residenciales se les leer\u00e1\nel estado del medidor de modo mensual y se facturar\u00e1 con la misma frecuencia. Por\nlo que recibir\u00e1n su cedul\u00f3n por mes y en un \u00fanico pago.<\/p>\n\n\n\n<p>Para todos, solo habr\u00e1 un cup\u00f3n de pago, con vencimiento el d\u00eda 10 de cada mes o primer d\u00eda h\u00e1bil posterior. Pasada esta fecha podr\u00e1 abonarse, hasta el vencimiento l\u00edmite, en las entidades recaudadoras habilitadas y los intereses correspondientes ser\u00e1n cargados en la pr\u00f3xima factura.<\/p>\n\n\n\n<p>Imagen solo a modo ilustrativo.<\/p>\n","protected":false},"excerpt":{"rendered":"<p>Adem\u00e1s, el consumo le\u00eddo se fraccionar\u00e1 en dos partes, las que se facturar\u00e1n por mes. Cespal inform\u00f3 hoy, que seguir\u00e1&hellip;<\/p>\n","protected":false},"author":3,"featured_media":4681,"comment_status":"closed","ping_status":"open","sticky":false,"template":"","format":"standard","meta":{"footnotes":""},"categories":[879],"tags":[66,67,836,183,240,397,571,572],"class_list":["post-4680","post","type-post","status-publish","format-standard","has-post-thumbnail","hentry","category-servicios-publicos","tag-arroyito","tag-arroyito-cordoba","tag-arroyito-online","tag-cespal","tag-cooperativa","tag-gas-natural","tag-noticia","tag-noticias-de-arroyito-y-zona"],"_links":{"self":[{"href":"https:\/\/arroyitoonline.com.ar\/index.php?rest_route=\/wp\/v2\/posts\/4680","targetHints":{"allow":["GET"]}}],"collection":[{"href":"https:\/\/arroyitoonline.com.ar\/index.php?rest_route=\/wp\/v2\/posts"}],"about":[{"href":"https:\/\/arroyitoonline.com.ar\/index.php?rest_route=\/wp\/v2\/types\/post"}],"author":[{"embeddable":true,"href":"https:\/\/arroyitoonline.com.ar\/index.php?rest_route=\/wp\/v2\/users\/3"}],"replies":[{"embeddable":true,"href":"https:\/\/arroyitoonline.com.ar\/index.php?rest_route=%2Fwp%2Fv2%2Fcomments&post=4680"}],"version-history":[{"count":1,"href":"https:\/\/arroyitoonline.com.ar\/index.php?rest_route=\/wp\/v2\/posts\/4680\/revisions"}],"predecessor-version":[{"id":4682,"href":"https:\/\/arroyitoonline.com.ar\/index.php?rest_route=\/wp\/v2\/posts\/4680\/revisions\/4682"}],"wp:featuredmedia":[{"embeddable":true,"href":"https:\/\/arroyitoonline.com.ar\/index.php?rest_route=\/wp\/v2\/media\/4681"}],"wp:attachment":[{"href":"https:\/\/arroyitoonline.com.ar\/index.php?rest_route=%2Fwp%2Fv2%2Fmedia&parent=4680"}],"wp:term":[{"taxonomy":"category","embeddable":true,"href":"https:\/\/arroyitoonline.com.ar\/index.php?rest_route=%2Fwp%2Fv2%2Fcategories&post=4680"},{"taxonomy":"post_tag","embeddable":true,"href":"https:\/\/arroyitoonline.com.ar\/index.php?rest_route=%2Fwp%2Fv2%2Ftags&post=4680"}],"curies":[{"name":"wp","href":"https:\/\/api.w.org\/{rel}","templated":true}]}}