{"id":4683,"date":"2019-07-16T15:14:35","date_gmt":"2019-07-16T15:14:35","guid":{"rendered":"https:\/\/arroyitoonline.com.ar\/?p=4683"},"modified":"2019-07-17T12:46:31","modified_gmt":"2019-07-17T12:46:31","slug":"despues-de-varios-anos-arroyito-recupero-el-ciclismo-en-ruta","status":"publish","type":"post","link":"https:\/\/arroyitoonline.com.ar\/?p=4683","title":{"rendered":"Despu\u00e9s de varios a\u00f1os, Arroyito recuper\u00f3 el Ciclismo en Ruta"},"content":{"rendered":"\n<p>Despu\u00e9s de muchos a\u00f1os, el domingo 14, se desarroll\u00f3 la primera fecha del Campeonato de Rutas del Este Cordob\u00e9s 2019 organizada por la Municipalidad de Arroyito, a trav\u00e9s de la Direcci\u00f3n de Deportes, y los amigos del Pedal. El evento deportivo estuvo fiscalizado por la Federaci\u00f3n Ciclista Cordobesa.<\/p>\n\n\n\n<p>M\u00e1s de 150 atletas de diversos puntos de C\u00f3rdoba y algunos de otras provincias, como Santa Fe y Buenos Aires, estuvieron presentes. En una jornada esplendida pudieron desarrollarse todas las pruebas previstas para la actividad en ruta, donde tambi\u00e9n se incluy\u00f3 a las ruedas anchas o MTB, d\u00e1ndole un marco de jerarqu\u00eda al evento.<\/p>\n\n\n\n<p>Cabe destacar que se trata de un torneo de invierno que consta de tres fechas, la primera en nuestra ciudad, la segunda en Calch\u00edn Oeste y, la \u00faltima y coronaci\u00f3n, en Las Varillas.<\/p>\n\n\n\n<p>En la premiaci\u00f3n estuvo presente el secretario de Obras P\u00fablicas de la Municipalidad de Arroyito, Daniel Lafarina; el director de Deportes, Gustavo Pecchio y la directora de Tr\u00e1nsito, Cintia Bruera, quienes tambi\u00e9n colaboraron con la realizaci\u00f3n de la fecha. <\/p>\n\n\n\n<p>Por su parte, el momento m\u00e1s emotivo fue cuando los amigos del Pedal, Gustavo Gobetto, Ulises Almada, Carlos Abratte, Juan Carlos Mart\u00ednez y Gast\u00f3n Almada, junto al Municipio; hicieron entrega de reconocimientos por la trayectoria a grandes deportistas referentes rubro, varios de ellos con participaci\u00f3n provincial, nacional y alguno de ellos internacional. Son los casos de: Jes\u00fas Sanjurjo, Juan Carlos Gonz\u00e1lez, Roberto Breppe y tambi\u00e9n Gast\u00f3n Almada, quien fuera campe\u00f3n provincial contrarreloj en abril de este a\u00f1o.<\/p>\n\n\n\n<p>Desde la organizaci\u00f3n agradecen <em>&#8220;al personal de las distintas \u00e1reas del Municipio que participaron activamente en esta realizaci\u00f3n: Polideportivo Municipal, Direcci\u00f3n de Tr\u00e1nsito y al Corral\u00f3n, tambi\u00e9n la presencia de Bomberos Voluntarios de la ciudad, y Polic\u00eda Caminera&#8221;<\/em>. <\/p>\n\n\n\n<p>El intendente Mauricio Cravero tambi\u00e9n saluda y felicita <em>&#8220;a todos los que participaron, especialmente a los ganadores, valorando el trabajo del grupo de vecinos que estuvieron junto al Municipio en esta actividad&#8221;<\/em>.<\/p>\n\n\n\n<p>Fuente: Prensa Municipal. <\/p>\n","protected":false},"excerpt":{"rendered":"<p>Despu\u00e9s de muchos a\u00f1os, el domingo 14, se desarroll\u00f3 la primera fecha del Campeonato de Rutas del Este Cordob\u00e9s 2019&hellip;<\/p>\n","protected":false},"author":3,"featured_media":4684,"comment_status":"closed","ping_status":"open","sticky":false,"template":"","format":"standard","meta":{"footnotes":""},"categories":[3],"tags":[66,67,836,192,276,277,556,572],"class_list":["post-4683","post","type-post","status-publish","format-standard","has-post-thumbnail","hentry","category-infodeporte","tag-arroyito","tag-arroyito-cordoba","tag-arroyito-online","tag-ciclismo","tag-deporte","tag-deportes","tag-municipalidad-de-arroyito","tag-noticias-de-arroyito-y-zona"],"_links":{"self":[{"href":"https:\/\/arroyitoonline.com.ar\/index.php?rest_route=\/wp\/v2\/posts\/4683","targetHints":{"allow":["GET"]}}],"collection":[{"href":"https:\/\/arroyitoonline.com.ar\/index.php?rest_route=\/wp\/v2\/posts"}],"about":[{"href":"https:\/\/arroyitoonline.com.ar\/index.php?rest_route=\/wp\/v2\/types\/post"}],"author":[{"embeddable":true,"href":"https:\/\/arroyitoonline.com.ar\/index.php?rest_route=\/wp\/v2\/users\/3"}],"replies":[{"embeddable":true,"href":"https:\/\/arroyitoonline.com.ar\/index.php?rest_route=%2Fwp%2Fv2%2Fcomments&post=4683"}],"version-history":[{"count":2,"href":"https:\/\/arroyitoonline.com.ar\/index.php?rest_route=\/wp\/v2\/posts\/4683\/revisions"}],"predecessor-version":[{"id":4689,"href":"https:\/\/arroyitoonline.com.ar\/index.php?rest_route=\/wp\/v2\/posts\/4683\/revisions\/4689"}],"wp:featuredmedia":[{"embeddable":true,"href":"https:\/\/arroyitoonline.com.ar\/index.php?rest_route=\/wp\/v2\/media\/4684"}],"wp:attachment":[{"href":"https:\/\/arroyitoonline.com.ar\/index.php?rest_route=%2Fwp%2Fv2%2Fmedia&parent=4683"}],"wp:term":[{"taxonomy":"category","embeddable":true,"href":"https:\/\/arroyitoonline.com.ar\/index.php?rest_route=%2Fwp%2Fv2%2Fcategories&post=4683"},{"taxonomy":"post_tag","embeddable":true,"href":"https:\/\/arroyitoonline.com.ar\/index.php?rest_route=%2Fwp%2Fv2%2Ftags&post=4683"}],"curies":[{"name":"wp","href":"https:\/\/api.w.org\/{rel}","templated":true}]}}