{"id":4690,"date":"2019-07-17T14:40:34","date_gmt":"2019-07-17T14:40:34","guid":{"rendered":"https:\/\/arroyitoonline.com.ar\/?p=4690"},"modified":"2019-07-17T14:40:36","modified_gmt":"2019-07-17T14:40:36","slug":"comenzo-la-construccion-del-edificio-propio-de-la-escuela-proa","status":"publish","type":"post","link":"https:\/\/arroyitoonline.com.ar\/?p=4690","title":{"rendered":"Comenz\u00f3 la construcci\u00f3n del edificio propio de la escuela ProA"},"content":{"rendered":"\n<p><strong>El nuevo establecimiento educativo fue gestionado por el intendente Cravero, ante el gobierno de la Provincia que lo est\u00e1 ejecutando, y la empresa Arcor, que aport\u00f3 el terreno.<\/strong><\/p>\n\n\n\n<p>Ayer, en horas de la ma\u00f1ana, el intendente Mauricio Cravero estuvo recorriendo la puesta en marcha de la construcci\u00f3n de la escuela del Programa Avanzado de Educaci\u00f3n Secundaria (ProA) que est\u00e1 ubicada en la manzana 422, entre las calle Jos\u00e9 Quintela, L\u00f3pez y Planes, Alfonsina Storni y G\u00fcemes (sector sur).<\/p>\n\n\n\n<p>En la oportunidad, el jefe municipal expres\u00f3 que <em>\u201cArroyito no deja de recibir buenas noticias. Con mucha alegr\u00eda hoy, luego de gestionar ante el gobierno provincial y la empresa Arcor, nuestra ciudad tendr\u00e1 una nueva escuela secundaria\u201d<\/em>, a lo que agreg\u00f3 que <em>&#8220;La educaci\u00f3n es el pilar de la sociedad y debemos festejar que se apuesta a la educaci\u00f3n en estos tiempos, m\u00e1s a\u00fan cuando sus especialidades est\u00e1n enmarcadas en las necesidades de los nuevos tiempos que vivimos\u201d<\/em>.<\/p>\n\n\n\n<p>En 2018, el Ministerio\u00a0de Educaci\u00f3n Provincial anunci\u00f3 en nuestra ciudad, la construcci\u00f3n y la puesta en marcha en Arroyito, de una nueva escuela ProA, la n\u00famero 16 de C\u00f3rdoba. Por su parte, la empresa Arcor don\u00f3 el terreno para esta nueva escuela secundaria, que ya funciona en un edificio que pertenece a la iglesia cat\u00f3lica local, instituci\u00f3n que lo ha cedido a modo de pr\u00e9stamo.<\/p>\n\n\n\n<p>Las Escuelas ProA (Programa Avanzado en Educaci\u00f3n Secundaria) son una nueva modalidad educativa. En ellas, el proyecto es diferente al convencional y tradicional y est\u00e1 relacionado con \u00e1reas referentes a Bio Tecnolog\u00eda y otras no habituales en la oferta educativa actual, con caracter\u00edsticas edilicias especiales y horarios y formaci\u00f3n diferentes.<\/p>\n\n\n\n<p>Se trata de un proceso innovador para escuelas secundarias, donde la Provincia de C\u00f3rdoba ser\u00eda la primera en Argentina en su implementaci\u00f3n, con este tipo de formato educativo que tiene como objetivo la formaci\u00f3n en tecnolog\u00edas de la informaci\u00f3n y comunicaci\u00f3n con el t\u00edtulo en bachiller en desarrollo de software.<\/p>\n\n\n\n<p>Fuente: Prensa Municipal. <\/p>\n","protected":false},"excerpt":{"rendered":"<p>El nuevo establecimiento educativo fue gestionado por el intendente Cravero, ante el gobierno de la Provincia que lo est\u00e1 ejecutando,&hellip;<\/p>\n","protected":false},"author":3,"featured_media":4691,"comment_status":"closed","ping_status":"open","sticky":false,"template":"","format":"standard","meta":{"footnotes":""},"categories":[830],"tags":[66,67,836,310,859,404,405,868,555,556,572],"class_list":["post-4690","post","type-post","status-publish","format-standard","has-post-thumbnail","hentry","category-educacion-online","tag-arroyito","tag-arroyito-cordoba","tag-arroyito-online","tag-educacion","tag-escuela-proa","tag-gobierno-de-cordoba","tag-gobierno-de-la-provincia","tag-municipales-online","tag-municipalidad","tag-municipalidad-de-arroyito","tag-noticias-de-arroyito-y-zona"],"_links":{"self":[{"href":"https:\/\/arroyitoonline.com.ar\/index.php?rest_route=\/wp\/v2\/posts\/4690","targetHints":{"allow":["GET"]}}],"collection":[{"href":"https:\/\/arroyitoonline.com.ar\/index.php?rest_route=\/wp\/v2\/posts"}],"about":[{"href":"https:\/\/arroyitoonline.com.ar\/index.php?rest_route=\/wp\/v2\/types\/post"}],"author":[{"embeddable":true,"href":"https:\/\/arroyitoonline.com.ar\/index.php?rest_route=\/wp\/v2\/users\/3"}],"replies":[{"embeddable":true,"href":"https:\/\/arroyitoonline.com.ar\/index.php?rest_route=%2Fwp%2Fv2%2Fcomments&post=4690"}],"version-history":[{"count":1,"href":"https:\/\/arroyitoonline.com.ar\/index.php?rest_route=\/wp\/v2\/posts\/4690\/revisions"}],"predecessor-version":[{"id":4692,"href":"https:\/\/arroyitoonline.com.ar\/index.php?rest_route=\/wp\/v2\/posts\/4690\/revisions\/4692"}],"wp:featuredmedia":[{"embeddable":true,"href":"https:\/\/arroyitoonline.com.ar\/index.php?rest_route=\/wp\/v2\/media\/4691"}],"wp:attachment":[{"href":"https:\/\/arroyitoonline.com.ar\/index.php?rest_route=%2Fwp%2Fv2%2Fmedia&parent=4690"}],"wp:term":[{"taxonomy":"category","embeddable":true,"href":"https:\/\/arroyitoonline.com.ar\/index.php?rest_route=%2Fwp%2Fv2%2Fcategories&post=4690"},{"taxonomy":"post_tag","embeddable":true,"href":"https:\/\/arroyitoonline.com.ar\/index.php?rest_route=%2Fwp%2Fv2%2Ftags&post=4690"}],"curies":[{"name":"wp","href":"https:\/\/api.w.org\/{rel}","templated":true}]}}